{"id":206,"date":"2022-01-22T10:09:57","date_gmt":"2022-01-22T10:09:57","guid":{"rendered":"http:\/\/casadasembalagenssr.com.br\/wfe\/?p=206"},"modified":"2023-05-01T13:15:29","modified_gmt":"2023-05-01T13:15:29","slug":"politica-de-privacidade","status":"publish","type":"post","link":"https:\/\/casadasembalagenssr.com.br\/wfe\/politica-de-privacidade\/","title":{"rendered":"Pol\u00edtica de Privacidade"},"content":{"rendered":"\n<p><strong>1 &#8211; Senha de Acesso ao Portal<\/strong><\/p>\n\n\n\n<p>1.1 A senha utilizada pelo Usu\u00e1rio\/Cliente \u00e9 de car\u00e1ter pessoal e intransfer\u00edvel, sendo de responsabilidade do mesmo n\u00e3o repass\u00e1-la a terceiros. A escolha da senha indicada no momento da efetiva\u00e7\u00e3o do cadastro no Portal, desde que contenha no m\u00ednimo 06 (seis) d\u00edgitos, \u00e9 livre e incondicionada, sendo de exclusiva responsabilidade do Usu\u00e1rio\/Cliente.<\/p>\n\n\n\n<p>1.2 A Casa das Embalagens n\u00e3o tem acesso \u00e0 senha pessoal do Usu\u00e1rio\/Cliente, pois a mesma \u00e9 criptografada. Nenhum funcion\u00e1rio ou preposto da Casa das Embalagens est\u00e1 autorizado a solicitar em momento algum, por qualquer motivo que seja a senha do Usu\u00e1rio\/Cliente. Se necess\u00e1rio altera\u00e7\u00e3o da senha, a procedimento dever\u00e1 ser realizado atrav\u00e9s do pr\u00f3prio site, na sess\u00e3o de \u201cLogin\u201d, na op\u00e7\u00e3o \u201cEsqueci a minha senha\u201d.<\/p>\n\n\n\n<p><br><strong>2 &#8211; Da Privacidade- Pol\u00edtica de prote\u00e7\u00e3o de dados pessoais<\/strong><\/p>\n\n\n\n<p>2.1 Mediante este termo, Comercial de Descart\u00e1veis e Produtos Aliment\u00edcios REX LTDA, empresa de direito privado, com sede na cidade de Santa Rosa, Estado de Santa Catarina, Rio Grande do Sul, inscrita no CNPJ sob o n\u00ba 04.830.768\/0001-43 (doravante denominada &#8220;CASA DAS EMBALAGENS &#8220;) informa aos Usu\u00e1rio\/Cliente (doravante denominados &#8220;Clientes&#8221;), atrav\u00e9s do portal de sua propriedade www.casadasembalagenssr.com.br, sua pol\u00edtica de prote\u00e7\u00e3o de dados de car\u00e1ter pessoal (doravante denominados &#8220;Dados Pessoais&#8221;) para que o Usu\u00e1rio\/Cliente determine livre e voluntariamente se deseja fornecer a CASA DAS EMBALAGENS seus Dados Pessoais, os quais s\u00e3o requeridos na contrata\u00e7\u00e3o ou cancelamento de determinados servi\u00e7os oferecidos em seu Portal ou atrav\u00e9s dele. A CASA DAS EMBALAGENS reserva-se o direito a modificar a presente pol\u00edtica para adapt\u00e1-la a altera\u00e7\u00f5es legislativas ou jurisprudenciais, ou aquelas relativas \u00e0s pr\u00e1ticas comerciais. Em qualquer caso, a CASA DAS EMBALAGENS publicar\u00e1 em seu Portal, por meio desta p\u00e1gina, as mudan\u00e7as introduzidas com uma anteced\u00eancia razo\u00e1vel \u00e0 sua coloca\u00e7\u00e3o em pr\u00e1tica.<\/p>\n\n\n\n<p>2.2 Os Dados pessoais coletados pela CASA DAS EMBALAGENS ser\u00e3o objeto de tratamento automatizado, sendo incorporados aos correspondentes registros eletr\u00f4nicos de dados pessoais (doravante denominado, &#8220;Registro&#8221;), dos quais a CASA DAS EMBALAGENS ser\u00e1 titular e respons\u00e1vel. A CASA DAS EMBALAGENS proporcionar\u00e1 ao Usu\u00e1rio\/Cliente os recursos t\u00e9cnicos adequados para que estes possam, com car\u00e1ter pr\u00e9vio, aceder com esta Pol\u00edtica de Prote\u00e7\u00e3o de Dados ou com qualquer outra informa\u00e7\u00e3o relevante antes de prestarem seu consentimento sobre o armazenamento dos respectivos dados pessoais, salvo nos campos em que se indique o contr\u00e1rio. As respostas \u00e0s perguntas sobre dados pessoais s\u00e3o volunt\u00e1rias, sem que sua falta implique em diminui\u00e7\u00e3o da qualidade ou quantidade dos servi\u00e7os correspondentes, ao menos que se indique outra coisa.<\/p>\n\n\n\n<p>2.3 O Usu\u00e1rio\/Cliente garante que os dados pessoais fornecidos a CASA DAS EMBALAGENS s\u00e3o verdadeiros, bem como que comunicar\u00e1 a CASA DAS EMBALAGENS qualquer altera\u00e7\u00e3o nos mesmos.<\/p>\n\n\n\n<p>2.4 O Registro e a utiliza\u00e7\u00e3o eletr\u00f4nica dos dados pessoais pela CASA DAS EMBALAGENS t\u00eam como finalidade o estabelecimento de v\u00ednculo contratual no momento da compra ou, se for o caso, presta\u00e7\u00e3o, amplia\u00e7\u00e3o e melhoramento dos Servi\u00e7os ao Usu\u00e1rio\/Cliente, bem como a adequa\u00e7\u00e3o dos servi\u00e7os ao Usu\u00e1rio\/Cliente, a cria\u00e7\u00e3o de novos servi\u00e7os relacionados a estes servi\u00e7os, o envio de atualiza\u00e7\u00f5es dos servi\u00e7os e\/ou produtos, o envio, por meios tradicionais e\/ou eletr\u00f4nicos, de informa\u00e7\u00f5es t\u00e9cnicas, operacionais e comerciais relativas a produtos e servi\u00e7os oferecidos no Portal (ou atrav\u00e9s dele) e por terceiros, atualmente existentes ou a serem criados no futuro. A finalidade do Registro e do tratamento eletr\u00f4nico dos Dados pessoais inclui, igualmente, o envio eventual de formul\u00e1rios de pesquisas, os quais o Usu\u00e1rio\/Cliente n\u00e3o fica obrigado a responder.<\/p>\n\n\n\n<p>2.5 Para correta observ\u00e2ncia da legisla\u00e7\u00e3o brasileira vigente, a CASA DAS EMBALAGENS se compromete a corrigir prontamente quaisquer altera\u00e7\u00f5es relativas aos dados pessoais do Usu\u00e1rio\/Cliente. Para tanto, o Usu\u00e1rio\/Cliente dever\u00e1 informar \u00e0 CASA DAS EMBALAGENS toda mudan\u00e7a nos respectivos dados.<\/p>\n\n\n\n<p>2.6 A CASA DAS EMBALAGENS tem adotado os n\u00edveis legalmente requeridos quanto \u00e0 seguran\u00e7a na prote\u00e7\u00e3o de dados e procura instalar todos os meios e medidas adicionais para evitar a perda, mau uso, altera\u00e7\u00e3o, acesso n\u00e3o autorizado ou subtra\u00e7\u00e3o dos dados pessoais recolhidos. Em espec\u00edfico, a CASA DAS EMBALAGENS utiliza o sistema de seguran\u00e7a SSL (Secure Socket Layer) que, atrav\u00e9s dos sistemas de certifica\u00e7\u00e3o, permitem comprovar a autenticidade do Portal CASA DAS EMBALAGENS a partir do local onde s\u00e3o fornecidos os Dados Pessoais, bem como garantem a integridade e a confidencialidade dos Dados pessoais durante a transmiss\u00e3o dos mesmos. N\u00e3o obstante, o Usu\u00e1rio\/Cliente deve estar ciente de que as medidas de seguran\u00e7a relativas \u00e0 Internet n\u00e3o s\u00e3o integralmente infal\u00edveis.<\/p>\n\n\n\n<p>2.7 Havendo a necessidade de a CASA DAS EMBALAGENS ceder os dados pessoais a terceiros sob determina\u00e7\u00e3o judicial, se caso for, o Usu\u00e1rio\/Cliente ser\u00e3o devidamente alertados, para que, desta forma, prestem sua pr\u00e9via anu\u00eancia \u00e0 cess\u00e3o dos respectivos dados.<\/p>\n\n\n\n<p>2.8 O Usu\u00e1rio\/Cliente poder\u00e1 se opor, a qualquer momento, a todas as cess\u00f5es referidas acima, o que o far\u00e1 mediante o exerc\u00edcio de seus direitos segundo informado adiante.<\/p>\n\n\n\n<p>2.9 N\u00e3o obstante o descrito acima, havendo solicita\u00e7\u00e3o formal, por qualquer Autoridade P\u00fablica, devidamente fundamentada, o Usu\u00e1rio\/Cliente autoriza expressamente a CASA DAS EMBALAGENS a encaminhar os dados cadastrais solicitados, independente de notifica\u00e7\u00e3o pr\u00e9via ao Usu\u00e1rio\/Cliente.<\/p>\n\n\n\n<p>2.10 A CASA DAS EMBALAGENS pode utilizar &#8220;cookies&#8221; quando um Usu\u00e1rio\/Cliente tem acesso ao Portal e a suas p\u00e1ginas. Os &#8220;cookies&#8221; que podem ser utilizados nos sites e p\u00e1ginas web do Portal associam-se unicamente com o navegador de um determinado computador, n\u00e3o proporcionando refer\u00eancias que permitam deduzir o nome e sobrenomes do Usu\u00e1rio\/Cliente. Em raz\u00e3o dos &#8220;cookies&#8221;, \u00e9 poss\u00edvel que a CASA DAS EMBALAGENS reconhe\u00e7a os Usu\u00e1rio\/Cliente que tenham se registrado em uma utiliza\u00e7\u00e3o anterior das P\u00e1ginas, o que permite que n\u00e3o tenham que se registrar a cada nova visita. O Usu\u00e1rio\/Cliente tem a possibilidade de configurar seu navegador para ser avisado, na tela do computador, sobre a recep\u00e7\u00e3o dos &#8220;cookies&#8221; e para impedir a sua instala\u00e7\u00e3o no disco r\u00edgido. As informa\u00e7\u00f5es pertinentes as estas configura\u00e7\u00f5es est\u00e3o dispon\u00edveis em instru\u00e7\u00f5es e manuais do pr\u00f3prio navegador. Para utilizar o Portal, n\u00e3o \u00e9 necess\u00e1rio que o Usu\u00e1rio\/Cliente permita a recep\u00e7\u00e3o de &#8220;cookies&#8221; enviados pela CASA DAS EMBALAGENS nos Servi\u00e7os em que n\u00e3o h\u00e1 necessidade de o Usu\u00e1rio\/Cliente inserir login e senha, sem preju\u00edzo de que, em tal caso, ser\u00e1 necess\u00e1rio que o Usu\u00e1rio\/Cliente se registre a cada vez que acessar Servi\u00e7o que requeira registro pr\u00e9vio. Os &#8220;cookies&#8221; que s\u00e3o utilizados no Portal e suas p\u00e1ginas web podem ser instalados pela CASA DAS EMBALAGENS , os quais s\u00e3o originados dos distintos servidores operados por esta, ou a partir dos servidores de terceiros que prestam servi\u00e7os e instalam &#8220;cookies&#8221; pela CASA DAS EMBALAGENS (como, por exemplo, os cookies que s\u00e3o empregados para prover servi\u00e7os de publicidade ou certos conte\u00fados atrav\u00e9s dos quais o Usu\u00e1rio\/Cliente visualiza a publicidade ou conte\u00fado em tempo, n\u00famero de vezes e forma pr\u00e9-determinados). Sempre que a op\u00e7\u00e3o que impe\u00e7a a instala\u00e7\u00e3o dos &#8220;cookies&#8221; n\u00e3o tenha sido ativada, o Usu\u00e1rio\/Cliente poder\u00e1 pesquisar o disco r\u00edgido de seu computador conforme as instru\u00e7\u00f5es do pr\u00f3prio navegador.<\/p>\n\n\n\n<p><br><strong>3 &#8211; Regras Gerais, Legisla\u00e7\u00e3o Aplic\u00e1vel e Elei\u00e7\u00e3o de Foro<\/strong><\/p>\n\n\n\n<p>3.1. Ao utilizar os Servi\u00e7os do portal CASA DAS EMBALAGENS , o Usu\u00e1rio\/Cliente se compromete ao utilizar os Servi\u00e7os, a respeitar a lei, a moral e os bons costumes.<\/p>\n\n\n\n<p>3.2. As disposi\u00e7\u00f5es aqui previstas e quaisquer outras pol\u00edticas divulgadas pela CASA DAS EMBALAGENS no Portal www.casadasembalagenssr.com.br constituem as normas que regem especificamente a rela\u00e7\u00e3o entre o Usu\u00e1rio\/Cliente e a CASA DAS EMBALAGENS , superando e revogando todos e quaisquer entendimentos, propostas, acordos, negocia\u00e7\u00f5es e discuss\u00f5es eventualmente havidos anteriormente entre as partes, desta forma se presume a plena ci\u00eancia e a concord\u00e2ncia irrevog\u00e1vel e Irretrat\u00e1vel do Usu\u00e1rio\/Cliente.<\/p>\n\n\n\n<p>3.3. A rela\u00e7\u00e3o entre o Usu\u00e1rio\/Cliente e a CASA DAS EMBALAGENS \u00e9 pautada no estabelecimento de um contrato de mandato e, al\u00e9m das presentes disposi\u00e7\u00f5es, \u00e9 regida tamb\u00e9m pelas leis da Rep\u00fablica Federativa do Brasil, especialmente pelos artigos 653 e seguintes do C\u00f3digo Civil (Lei n\u00ba 10.406\/2002) e a Lei Geral de Prote\u00e7\u00e3o de Dados (LGPD n\u00b0 13.709\/2018).<\/p>\n\n\n\n<p>3.4. A incapacidade ou a impossibilidade da CASA DAS EMBALAGENS exercer ou fazer cumprir qualquer direito ou disposi\u00e7\u00e3o ora prevista n\u00e3o representa ren\u00fancia desse direito ou disposi\u00e7\u00e3o.<\/p>\n\n\n\n<p>3.5. A declara\u00e7\u00e3o de nulidade ou inaplicabilidade de que qualquer item, termo ou disposi\u00e7\u00e3o ora previsto n\u00e3o implicar\u00e1 a nulidade ou inaplicabilidade de quaisquer outros itens, termos ou disposi\u00e7\u00f5es aqui contidas, os quais permanecer\u00e3o em pleno vigor e cujos efeitos n\u00e3o ser\u00e3o atingidos.<\/p>\n\n\n\n<p>3.6. As partes elegem o Foro da Comarca da Santa Rosa\/RS, Estado de Rio Grande do Sul &nbsp;como sendo o \u00fanico competente para dirimir quaisquer lit\u00edgios e\/ou demandas que venham a envolver as Partes em rela\u00e7\u00e3o ao uso dos Servi\u00e7os e\/ou Produtos e acesso ao Portal.<\/p>\n","protected":false},"excerpt":{"rendered":"<p>1 &#8211; Senha de Acesso ao Portal 1.1 A senha utilizada pelo Usu\u00e1rio\/Cliente \u00e9 de car\u00e1ter pessoal e intransfer\u00edvel, sendo de responsabilidade do mesmo n\u00e3o repass\u00e1-la a terceiros. A escolha da senha indicada no momento da efetiva\u00e7\u00e3o do cadastro no Portal, desde que contenha no m\u00ednimo 06 (seis) d\u00edgitos, \u00e9 livre e incondicionada, sendo de&#8230;<\/p>\n","protected":false},"author":1,"featured_media":0,"comment_status":"closed","ping_status":"closed","sticky":false,"template":"","format":"standard","meta":{"_eb_attr":"","footnotes":""},"categories":[66],"tags":[],"class_list":["post-206","post","type-post","status-publish","format-standard","hentry","category-politicas-de-compra"],"yoast_head":"<!-- This site is optimized with the Yoast SEO plugin v27.2 - https:\/\/yoast.com\/product\/yoast-seo-wordpress\/ -->\n<title>Pol\u00edtica de Privacidade - Casa das Embalagens - Presentes &amp; Festas<\/title>\n<meta name=\"robots\" content=\"index, follow, max-snippet:-1, max-image-preview:large, max-video-preview:-1\" \/>\n<link rel=\"canonical\" href=\"https:\/\/casadasembalagenssr.com.br\/wfe\/politica-de-privacidade\/\" \/>\n<meta property=\"og:locale\" content=\"pt_BR\" \/>\n<meta property=\"og:type\" content=\"article\" \/>\n<meta property=\"og:title\" content=\"Pol\u00edtica de Privacidade - Casa das Embalagens - Presentes &amp; Festas\" \/>\n<meta property=\"og:description\" content=\"1 &#8211; Senha de Acesso ao Portal 1.1 A senha utilizada pelo Usu\u00e1rio\/Cliente \u00e9 de car\u00e1ter pessoal e intransfer\u00edvel, sendo de responsabilidade do mesmo n\u00e3o repass\u00e1-la a terceiros. A escolha da senha indicada no momento da efetiva\u00e7\u00e3o do cadastro no Portal, desde que contenha no m\u00ednimo 06 (seis) d\u00edgitos, \u00e9 livre e incondicionada, sendo de...\" \/>\n<meta property=\"og:url\" content=\"https:\/\/casadasembalagenssr.com.br\/wfe\/politica-de-privacidade\/\" \/>\n<meta property=\"og:site_name\" content=\"Casa das Embalagens - Presentes &amp; Festas\" \/>\n<meta property=\"article:publisher\" content=\"https:\/\/www.facebook.com\/casadasembalagenssr\" \/>\n<meta property=\"article:published_time\" content=\"2022-01-22T10:09:57+00:00\" \/>\n<meta property=\"article:modified_time\" content=\"2023-05-01T13:15:29+00:00\" \/>\n<meta property=\"og:image\" content=\"https:\/\/casadasembalagenssr.com.br\/wfe\/wp-content\/uploads\/2025\/11\/site-casa-embalagens.png\" \/>\n\t<meta property=\"og:image:width\" content=\"1919\" \/>\n\t<meta property=\"og:image:height\" content=\"872\" \/>\n\t<meta property=\"og:image:type\" content=\"image\/png\" \/>\n<meta name=\"author\" content=\"DHB\" \/>\n<meta name=\"twitter:card\" content=\"summary_large_image\" \/>\n<meta name=\"twitter:label1\" content=\"Escrito por\" \/>\n\t<meta name=\"twitter:data1\" content=\"DHB\" \/>\n\t<meta name=\"twitter:label2\" content=\"Est. tempo de leitura\" \/>\n\t<meta name=\"twitter:data2\" content=\"8 minutos\" \/>\n<script type=\"application\/ld+json\" class=\"yoast-schema-graph\">{\"@context\":\"https:\/\/schema.org\",\"@graph\":[{\"@type\":\"Article\",\"@id\":\"https:\/\/casadasembalagenssr.com.br\/wfe\/politica-de-privacidade\/#article\",\"isPartOf\":{\"@id\":\"https:\/\/casadasembalagenssr.com.br\/wfe\/politica-de-privacidade\/\"},\"author\":{\"name\":\"DHB\",\"@id\":\"https:\/\/casadasembalagenssr.com.br\/wfe\/#\/schema\/person\/5af1caeec831e94e487dd156f72bf1a8\"},\"headline\":\"Pol\u00edtica de Privacidade\",\"datePublished\":\"2022-01-22T10:09:57+00:00\",\"dateModified\":\"2023-05-01T13:15:29+00:00\",\"mainEntityOfPage\":{\"@id\":\"https:\/\/casadasembalagenssr.com.br\/wfe\/politica-de-privacidade\/\"},\"wordCount\":1636,\"publisher\":{\"@id\":\"https:\/\/casadasembalagenssr.com.br\/wfe\/#organization\"},\"articleSection\":[\"POL\u00cdTICAS DE COMPRA\"],\"inLanguage\":\"pt-BR\"},{\"@type\":\"WebPage\",\"@id\":\"https:\/\/casadasembalagenssr.com.br\/wfe\/politica-de-privacidade\/\",\"url\":\"https:\/\/casadasembalagenssr.com.br\/wfe\/politica-de-privacidade\/\",\"name\":\"Pol\u00edtica de Privacidade - Casa das Embalagens - Presentes &amp; Festas\",\"isPartOf\":{\"@id\":\"https:\/\/casadasembalagenssr.com.br\/wfe\/#website\"},\"datePublished\":\"2022-01-22T10:09:57+00:00\",\"dateModified\":\"2023-05-01T13:15:29+00:00\",\"breadcrumb\":{\"@id\":\"https:\/\/casadasembalagenssr.com.br\/wfe\/politica-de-privacidade\/#breadcrumb\"},\"inLanguage\":\"pt-BR\",\"potentialAction\":[{\"@type\":\"ReadAction\",\"target\":[\"https:\/\/casadasembalagenssr.com.br\/wfe\/politica-de-privacidade\/\"]}]},{\"@type\":\"BreadcrumbList\",\"@id\":\"https:\/\/casadasembalagenssr.com.br\/wfe\/politica-de-privacidade\/#breadcrumb\",\"itemListElement\":[{\"@type\":\"ListItem\",\"position\":1,\"name\":\"In\u00edcio\",\"item\":\"https:\/\/casadasembalagenssr.com.br\/wfe\/\"},{\"@type\":\"ListItem\",\"position\":2,\"name\":\"Pol\u00edtica de Privacidade\"}]},{\"@type\":\"WebSite\",\"@id\":\"https:\/\/casadasembalagenssr.com.br\/wfe\/#website\",\"url\":\"https:\/\/casadasembalagenssr.com.br\/wfe\/\",\"name\":\"Casa das Embalagens - Presentes e Festas\",\"description\":\"Satisfa\u00e7\u00e3o em Encantar Clientes!\",\"publisher\":{\"@id\":\"https:\/\/casadasembalagenssr.com.br\/wfe\/#organization\"},\"alternateName\":\"Casa das Embalagens\",\"potentialAction\":[{\"@type\":\"SearchAction\",\"target\":{\"@type\":\"EntryPoint\",\"urlTemplate\":\"https:\/\/casadasembalagenssr.com.br\/wfe\/?s={search_term_string}\"},\"query-input\":{\"@type\":\"PropertyValueSpecification\",\"valueRequired\":true,\"valueName\":\"search_term_string\"}}],\"inLanguage\":\"pt-BR\"},{\"@type\":\"Organization\",\"@id\":\"https:\/\/casadasembalagenssr.com.br\/wfe\/#organization\",\"name\":\"Casa das Embalagens - Presentes e Festas\",\"alternateName\":\"Casa das Embalagens\",\"url\":\"https:\/\/casadasembalagenssr.com.br\/wfe\/\",\"logo\":{\"@type\":\"ImageObject\",\"inLanguage\":\"pt-BR\",\"@id\":\"https:\/\/casadasembalagenssr.com.br\/wfe\/#\/schema\/logo\/image\/\",\"url\":\"https:\/\/casadasembalagenssr.com.br\/wfe\/wp-content\/uploads\/2025\/10\/logo-casa-embalagens-santa-rosa.png\",\"contentUrl\":\"https:\/\/casadasembalagenssr.com.br\/wfe\/wp-content\/uploads\/2025\/10\/logo-casa-embalagens-santa-rosa.png\",\"width\":1080,\"height\":1080,\"caption\":\"Casa das Embalagens - Presentes e Festas\"},\"image\":{\"@id\":\"https:\/\/casadasembalagenssr.com.br\/wfe\/#\/schema\/logo\/image\/\"},\"sameAs\":[\"https:\/\/www.facebook.com\/casadasembalagenssr\",\"https:\/\/www.instagram.com\/casadasembalagenssr\/\",\"https:\/\/tiktok.com\/casadasrmbalagenssr1\",\"https:\/\/www.youtube.com\/@casadasembalagenssr\"]},{\"@type\":\"Person\",\"@id\":\"https:\/\/casadasembalagenssr.com.br\/wfe\/#\/schema\/person\/5af1caeec831e94e487dd156f72bf1a8\",\"name\":\"DHB\",\"sameAs\":[\"https:\/\/casadasembalagenssr.com.br\/wfe\"],\"url\":\"https:\/\/casadasembalagenssr.com.br\/wfe\/author\/digitalhelp\/\"}]}<\/script>\n<!-- \/ Yoast SEO plugin. -->","yoast_head_json":{"title":"Pol\u00edtica de Privacidade - Casa das Embalagens - Presentes &amp; Festas","robots":{"index":"index","follow":"follow","max-snippet":"max-snippet:-1","max-image-preview":"max-image-preview:large","max-video-preview":"max-video-preview:-1"},"canonical":"https:\/\/casadasembalagenssr.com.br\/wfe\/politica-de-privacidade\/","og_locale":"pt_BR","og_type":"article","og_title":"Pol\u00edtica de Privacidade - Casa das Embalagens - Presentes &amp; Festas","og_description":"1 &#8211; Senha de Acesso ao Portal 1.1 A senha utilizada pelo Usu\u00e1rio\/Cliente \u00e9 de car\u00e1ter pessoal e intransfer\u00edvel, sendo de responsabilidade do mesmo n\u00e3o repass\u00e1-la a terceiros. A escolha da senha indicada no momento da efetiva\u00e7\u00e3o do cadastro no Portal, desde que contenha no m\u00ednimo 06 (seis) d\u00edgitos, \u00e9 livre e incondicionada, sendo de...","og_url":"https:\/\/casadasembalagenssr.com.br\/wfe\/politica-de-privacidade\/","og_site_name":"Casa das Embalagens - Presentes &amp; Festas","article_publisher":"https:\/\/www.facebook.com\/casadasembalagenssr","article_published_time":"2022-01-22T10:09:57+00:00","article_modified_time":"2023-05-01T13:15:29+00:00","og_image":[{"width":1919,"height":872,"url":"https:\/\/casadasembalagenssr.com.br\/wfe\/wp-content\/uploads\/2025\/11\/site-casa-embalagens.png","type":"image\/png"}],"author":"DHB","twitter_card":"summary_large_image","twitter_misc":{"Escrito por":"DHB","Est. tempo de leitura":"8 minutos"},"schema":{"@context":"https:\/\/schema.org","@graph":[{"@type":"Article","@id":"https:\/\/casadasembalagenssr.com.br\/wfe\/politica-de-privacidade\/#article","isPartOf":{"@id":"https:\/\/casadasembalagenssr.com.br\/wfe\/politica-de-privacidade\/"},"author":{"name":"DHB","@id":"https:\/\/casadasembalagenssr.com.br\/wfe\/#\/schema\/person\/5af1caeec831e94e487dd156f72bf1a8"},"headline":"Pol\u00edtica de Privacidade","datePublished":"2022-01-22T10:09:57+00:00","dateModified":"2023-05-01T13:15:29+00:00","mainEntityOfPage":{"@id":"https:\/\/casadasembalagenssr.com.br\/wfe\/politica-de-privacidade\/"},"wordCount":1636,"publisher":{"@id":"https:\/\/casadasembalagenssr.com.br\/wfe\/#organization"},"articleSection":["POL\u00cdTICAS DE COMPRA"],"inLanguage":"pt-BR"},{"@type":"WebPage","@id":"https:\/\/casadasembalagenssr.com.br\/wfe\/politica-de-privacidade\/","url":"https:\/\/casadasembalagenssr.com.br\/wfe\/politica-de-privacidade\/","name":"Pol\u00edtica de Privacidade - Casa das Embalagens - Presentes &amp; Festas","isPartOf":{"@id":"https:\/\/casadasembalagenssr.com.br\/wfe\/#website"},"datePublished":"2022-01-22T10:09:57+00:00","dateModified":"2023-05-01T13:15:29+00:00","breadcrumb":{"@id":"https:\/\/casadasembalagenssr.com.br\/wfe\/politica-de-privacidade\/#breadcrumb"},"inLanguage":"pt-BR","potentialAction":[{"@type":"ReadAction","target":["https:\/\/casadasembalagenssr.com.br\/wfe\/politica-de-privacidade\/"]}]},{"@type":"BreadcrumbList","@id":"https:\/\/casadasembalagenssr.com.br\/wfe\/politica-de-privacidade\/#breadcrumb","itemListElement":[{"@type":"ListItem","position":1,"name":"In\u00edcio","item":"https:\/\/casadasembalagenssr.com.br\/wfe\/"},{"@type":"ListItem","position":2,"name":"Pol\u00edtica de Privacidade"}]},{"@type":"WebSite","@id":"https:\/\/casadasembalagenssr.com.br\/wfe\/#website","url":"https:\/\/casadasembalagenssr.com.br\/wfe\/","name":"Casa das Embalagens - Presentes e Festas","description":"Satisfa\u00e7\u00e3o em Encantar Clientes!","publisher":{"@id":"https:\/\/casadasembalagenssr.com.br\/wfe\/#organization"},"alternateName":"Casa das Embalagens","potentialAction":[{"@type":"SearchAction","target":{"@type":"EntryPoint","urlTemplate":"https:\/\/casadasembalagenssr.com.br\/wfe\/?s={search_term_string}"},"query-input":{"@type":"PropertyValueSpecification","valueRequired":true,"valueName":"search_term_string"}}],"inLanguage":"pt-BR"},{"@type":"Organization","@id":"https:\/\/casadasembalagenssr.com.br\/wfe\/#organization","name":"Casa das Embalagens - Presentes e Festas","alternateName":"Casa das Embalagens","url":"https:\/\/casadasembalagenssr.com.br\/wfe\/","logo":{"@type":"ImageObject","inLanguage":"pt-BR","@id":"https:\/\/casadasembalagenssr.com.br\/wfe\/#\/schema\/logo\/image\/","url":"https:\/\/casadasembalagenssr.com.br\/wfe\/wp-content\/uploads\/2025\/10\/logo-casa-embalagens-santa-rosa.png","contentUrl":"https:\/\/casadasembalagenssr.com.br\/wfe\/wp-content\/uploads\/2025\/10\/logo-casa-embalagens-santa-rosa.png","width":1080,"height":1080,"caption":"Casa das Embalagens - Presentes e Festas"},"image":{"@id":"https:\/\/casadasembalagenssr.com.br\/wfe\/#\/schema\/logo\/image\/"},"sameAs":["https:\/\/www.facebook.com\/casadasembalagenssr","https:\/\/www.instagram.com\/casadasembalagenssr\/","https:\/\/tiktok.com\/casadasrmbalagenssr1","https:\/\/www.youtube.com\/@casadasembalagenssr"]},{"@type":"Person","@id":"https:\/\/casadasembalagenssr.com.br\/wfe\/#\/schema\/person\/5af1caeec831e94e487dd156f72bf1a8","name":"DHB","sameAs":["https:\/\/casadasembalagenssr.com.br\/wfe"],"url":"https:\/\/casadasembalagenssr.com.br\/wfe\/author\/digitalhelp\/"}]}},"_links":{"self":[{"href":"https:\/\/casadasembalagenssr.com.br\/wfe\/wp-json\/wp\/v2\/posts\/206","targetHints":{"allow":["GET"]}}],"collection":[{"href":"https:\/\/casadasembalagenssr.com.br\/wfe\/wp-json\/wp\/v2\/posts"}],"about":[{"href":"https:\/\/casadasembalagenssr.com.br\/wfe\/wp-json\/wp\/v2\/types\/post"}],"author":[{"embeddable":true,"href":"https:\/\/casadasembalagenssr.com.br\/wfe\/wp-json\/wp\/v2\/users\/1"}],"replies":[{"embeddable":true,"href":"https:\/\/casadasembalagenssr.com.br\/wfe\/wp-json\/wp\/v2\/comments?post=206"}],"version-history":[{"count":0,"href":"https:\/\/casadasembalagenssr.com.br\/wfe\/wp-json\/wp\/v2\/posts\/206\/revisions"}],"wp:attachment":[{"href":"https:\/\/casadasembalagenssr.com.br\/wfe\/wp-json\/wp\/v2\/media?parent=206"}],"wp:term":[{"taxonomy":"category","embeddable":true,"href":"https:\/\/casadasembalagenssr.com.br\/wfe\/wp-json\/wp\/v2\/categories?post=206"},{"taxonomy":"post_tag","embeddable":true,"href":"https:\/\/casadasembalagenssr.com.br\/wfe\/wp-json\/wp\/v2\/tags?post=206"}],"curies":[{"name":"wp","href":"https:\/\/api.w.org\/{rel}","templated":true}]}}