{"id":2083,"date":"2023-11-06T11:12:50","date_gmt":"2023-11-06T11:12:50","guid":{"rendered":"https:\/\/casadasembalagenssr.com.br\/wfe\/?p=2083"},"modified":"2025-11-07T16:14:20","modified_gmt":"2025-11-07T19:14:20","slug":"bolacha-tradicional-de-natal","status":"publish","type":"post","link":"https:\/\/casadasembalagenssr.com.br\/wfe\/bolacha-tradicional-de-natal\/","title":{"rendered":"Bolacha tradicional de Natal"},"content":{"rendered":"\n<div class=\"wp-block-media-text is-stacked-on-mobile\"><figure class=\"wp-block-media-text__media\"><img loading=\"lazy\" decoding=\"async\" width=\"1024\" height=\"576\" src=\"https:\/\/casadasembalagenssr.com.br\/wfe\/wp-content\/uploads\/2023\/11\/maxresdefault-2-1024x576.jpg\" alt=\"\" class=\"wp-image-2084 size-full\" srcset=\"https:\/\/casadasembalagenssr.com.br\/wfe\/wp-content\/uploads\/2023\/11\/maxresdefault-2-1024x576.jpg 1024w, https:\/\/casadasembalagenssr.com.br\/wfe\/wp-content\/uploads\/2023\/11\/maxresdefault-2-300x169.jpg 300w, https:\/\/casadasembalagenssr.com.br\/wfe\/wp-content\/uploads\/2023\/11\/maxresdefault-2-768x432.jpg 768w, https:\/\/casadasembalagenssr.com.br\/wfe\/wp-content\/uploads\/2023\/11\/maxresdefault-2-800x450.jpg 800w, https:\/\/casadasembalagenssr.com.br\/wfe\/wp-content\/uploads\/2023\/11\/maxresdefault-2-500x281.jpg 500w, https:\/\/casadasembalagenssr.com.br\/wfe\/wp-content\/uploads\/2023\/11\/maxresdefault-2.jpg 1280w\" sizes=\"auto, (max-width: 1024px) 100vw, 1024px\" \/><\/figure><div class=\"wp-block-media-text__content\">\n<h2 class=\"wp-block-heading\">Ingredientes<\/h2>\n\n\n\n<ol class=\"wp-block-list\">\n<li>6&nbsp;ovos<\/li>\n\n\n\n<li>1 x\u00edcara&nbsp;banha ou manteiga<\/li>\n\n\n\n<li>2 x\u00edcaras&nbsp;a\u00e7\u00facar<\/li>\n\n\n\n<li>1\/2 x\u00edcara&nbsp;leite morno<\/li>\n\n\n\n<li>1 colher de sopa&nbsp;salamoniaco<\/li>\n\n\n\n<li>quanto baste&nbsp;Farinha at\u00e9 dar ponto<\/li>\n\n\n\n<li>a gosto\u00a0Raspas de lim\u00e3o,cravo,canela e baunilha<\/li>\n\n\n\n<li><strong>Cobertura:<\/strong><\/li>\n\n\n\n<li>3&nbsp;claras<\/li>\n\n\n\n<li>9 colheres sopa&nbsp;a\u00e7\u00facar<\/li>\n\n\n\n<li>a gosto,\u00a0confeitos.<\/li>\n<\/ol>\n<\/div><\/div>\n\n\n\n<p><strong>Modo de preparar<\/strong><\/p>\n\n\n\n<p>Passo 1- Amornar o leite e acrescentar o salamon\u00edaco,mexer at\u00e9 dobrar de volume.<\/p>\n\n\n\n<p>Passo 2- Acrescentar no leite, seis gemas e 3 claras. (Reserve as outras 3 claras para o merengue).<br>Passo 3- Mexa bem e acrescentar os demais ingredientes.<br>Passo 4- Por \u00faltimo a farinha at\u00e9 dar ponto. O ponto \u00e9 quando ela n\u00e3o gruda mais nas m\u00e3os. Mas n\u00e3o pode ficar muito dura. Deixe a massa descansar por uns 30 minutos.<br>Passo 5- Depois, Abra a massa com rolo de macarr\u00e3o e modele as bolachas com <strong>modeladores que temos em nossa loja, de v\u00e1rios formatos de natal.<\/strong><br>Passo 6- Leve para assar em forno quente, em forma untada, deixando espa\u00e7o entre as bolachas, para que cres\u00e7am. Asse at\u00e9 ficarem douradas, uns 15 minutos, dependendo do forno. Depois de assado, retire do forno e deixe esfriar.<br>Passo 7- Fa\u00e7a o glac\u00ea, batendo as claras e o a\u00e7\u00facar na batedeira, at\u00e9 ponto de neve, bem firme. Se preferir coloque umas gotas de suco de lim\u00e3o.<br>Passo 8- Passe o glac\u00ea sobre as bolachas frias e decore com <strong>confeitos coloridos<\/strong>, <strong>temos em nossa loja confeitos coloridos e granulados<\/strong>, e coloque para secar.<\/p>\n\n\n\n<figure class=\"wp-block-image size-full\"><img loading=\"lazy\" decoding=\"async\" width=\"800\" height=\"530\" src=\"https:\/\/casadasembalagenssr.com.br\/wfe\/wp-content\/uploads\/2023\/11\/bolacha.webp\" alt=\"\" class=\"wp-image-2085\" srcset=\"https:\/\/casadasembalagenssr.com.br\/wfe\/wp-content\/uploads\/2023\/11\/bolacha.webp 800w, https:\/\/casadasembalagenssr.com.br\/wfe\/wp-content\/uploads\/2023\/11\/bolacha-300x199.webp 300w, https:\/\/casadasembalagenssr.com.br\/wfe\/wp-content\/uploads\/2023\/11\/bolacha-768x509.webp 768w, https:\/\/casadasembalagenssr.com.br\/wfe\/wp-content\/uploads\/2023\/11\/bolacha-500x331.webp 500w\" sizes=\"auto, (max-width: 800px) 100vw, 800px\" \/><\/figure>\n\n\n\n<p><a href=\"https:\/\/cookpad.com\/br\/usuarios\/7975630\"><\/a><\/p>\n","protected":false},"excerpt":{"rendered":"<p>Modo de preparar Passo 1- Amornar o leite e acrescentar o salamon\u00edaco,mexer at\u00e9 dobrar de volume. Passo 2- Acrescentar no leite, seis gemas e 3 claras. (Reserve as outras 3 claras para o merengue).Passo 3- Mexa bem e acrescentar os demais ingredientes.Passo 4- Por \u00faltimo a farinha at\u00e9 dar ponto. O ponto \u00e9 quando ela&#8230;<\/p>\n","protected":false},"author":1,"featured_media":2084,"comment_status":"closed","ping_status":"closed","sticky":false,"template":"","format":"standard","meta":{"_eb_attr":"","footnotes":""},"categories":[67],"tags":[315,316,319,68,72],"class_list":["post-2083","post","type-post","status-publish","format-standard","has-post-thumbnail","hentry","category-receitas","tag-caseiro","tag-embalagens","tag-natal","tag-receita","tag-santa-rosa"],"yoast_head":"<!-- This site is optimized with the Yoast SEO plugin v27.2 - https:\/\/yoast.com\/product\/yoast-seo-wordpress\/ -->\n<title>Bolacha tradicional de Natal - Casa das Embalagens - Presentes &amp; Festas<\/title>\n<meta name=\"description\" content=\"Bolacha tradicional de Natal\" \/>\n<meta name=\"robots\" content=\"index, follow, max-snippet:-1, max-image-preview:large, max-video-preview:-1\" \/>\n<link rel=\"canonical\" href=\"https:\/\/casadasembalagenssr.com.br\/wfe\/bolacha-tradicional-de-natal\/\" \/>\n<meta property=\"og:locale\" content=\"pt_BR\" \/>\n<meta property=\"og:type\" content=\"article\" \/>\n<meta property=\"og:title\" content=\"Bolacha tradicional de Natal - Casa das Embalagens - Presentes &amp; Festas\" \/>\n<meta property=\"og:description\" content=\"Bolacha tradicional de Natal\" \/>\n<meta property=\"og:url\" content=\"https:\/\/casadasembalagenssr.com.br\/wfe\/bolacha-tradicional-de-natal\/\" \/>\n<meta property=\"og:site_name\" content=\"Casa das Embalagens - Presentes &amp; Festas\" \/>\n<meta property=\"article:publisher\" content=\"https:\/\/www.facebook.com\/casadasembalagenssr\" \/>\n<meta property=\"article:published_time\" content=\"2023-11-06T11:12:50+00:00\" \/>\n<meta property=\"article:modified_time\" content=\"2025-11-07T19:14:20+00:00\" \/>\n<meta property=\"og:image\" content=\"https:\/\/casadasembalagenssr.com.br\/wfe\/wp-content\/uploads\/2023\/11\/maxresdefault-2.jpg\" \/>\n\t<meta property=\"og:image:width\" content=\"1280\" \/>\n\t<meta property=\"og:image:height\" content=\"720\" \/>\n\t<meta property=\"og:image:type\" content=\"image\/jpeg\" \/>\n<meta name=\"author\" content=\"DHB\" \/>\n<meta name=\"twitter:card\" content=\"summary_large_image\" \/>\n<meta name=\"twitter:label1\" content=\"Escrito por\" \/>\n\t<meta name=\"twitter:data1\" content=\"DHB\" \/>\n\t<meta name=\"twitter:label2\" content=\"Est. tempo de leitura\" \/>\n\t<meta name=\"twitter:data2\" content=\"2 minutos\" \/>\n<script type=\"application\/ld+json\" class=\"yoast-schema-graph\">{\"@context\":\"https:\/\/schema.org\",\"@graph\":[{\"@type\":\"Article\",\"@id\":\"https:\/\/casadasembalagenssr.com.br\/wfe\/bolacha-tradicional-de-natal\/#article\",\"isPartOf\":{\"@id\":\"https:\/\/casadasembalagenssr.com.br\/wfe\/bolacha-tradicional-de-natal\/\"},\"author\":{\"name\":\"DHB\",\"@id\":\"https:\/\/casadasembalagenssr.com.br\/wfe\/#\/schema\/person\/5af1caeec831e94e487dd156f72bf1a8\"},\"headline\":\"Bolacha tradicional de Natal\",\"datePublished\":\"2023-11-06T11:12:50+00:00\",\"dateModified\":\"2025-11-07T19:14:20+00:00\",\"mainEntityOfPage\":{\"@id\":\"https:\/\/casadasembalagenssr.com.br\/wfe\/bolacha-tradicional-de-natal\/\"},\"wordCount\":257,\"publisher\":{\"@id\":\"https:\/\/casadasembalagenssr.com.br\/wfe\/#organization\"},\"image\":{\"@id\":\"https:\/\/casadasembalagenssr.com.br\/wfe\/bolacha-tradicional-de-natal\/#primaryimage\"},\"thumbnailUrl\":\"https:\/\/casadasembalagenssr.com.br\/wfe\/wp-content\/uploads\/2023\/11\/maxresdefault-2.jpg\",\"keywords\":[\"caseiro\",\"embalagens\",\"natal\",\"receita\",\"santa rosa\"],\"articleSection\":[\"RECEITAS\"],\"inLanguage\":\"pt-BR\"},{\"@type\":\"WebPage\",\"@id\":\"https:\/\/casadasembalagenssr.com.br\/wfe\/bolacha-tradicional-de-natal\/\",\"url\":\"https:\/\/casadasembalagenssr.com.br\/wfe\/bolacha-tradicional-de-natal\/\",\"name\":\"Bolacha tradicional de Natal - Casa das Embalagens - Presentes &amp; Festas\",\"isPartOf\":{\"@id\":\"https:\/\/casadasembalagenssr.com.br\/wfe\/#website\"},\"primaryImageOfPage\":{\"@id\":\"https:\/\/casadasembalagenssr.com.br\/wfe\/bolacha-tradicional-de-natal\/#primaryimage\"},\"image\":{\"@id\":\"https:\/\/casadasembalagenssr.com.br\/wfe\/bolacha-tradicional-de-natal\/#primaryimage\"},\"thumbnailUrl\":\"https:\/\/casadasembalagenssr.com.br\/wfe\/wp-content\/uploads\/2023\/11\/maxresdefault-2.jpg\",\"datePublished\":\"2023-11-06T11:12:50+00:00\",\"dateModified\":\"2025-11-07T19:14:20+00:00\",\"description\":\"Bolacha tradicional de Natal\",\"breadcrumb\":{\"@id\":\"https:\/\/casadasembalagenssr.com.br\/wfe\/bolacha-tradicional-de-natal\/#breadcrumb\"},\"inLanguage\":\"pt-BR\",\"potentialAction\":[{\"@type\":\"ReadAction\",\"target\":[\"https:\/\/casadasembalagenssr.com.br\/wfe\/bolacha-tradicional-de-natal\/\"]}]},{\"@type\":\"ImageObject\",\"inLanguage\":\"pt-BR\",\"@id\":\"https:\/\/casadasembalagenssr.com.br\/wfe\/bolacha-tradicional-de-natal\/#primaryimage\",\"url\":\"https:\/\/casadasembalagenssr.com.br\/wfe\/wp-content\/uploads\/2023\/11\/maxresdefault-2.jpg\",\"contentUrl\":\"https:\/\/casadasembalagenssr.com.br\/wfe\/wp-content\/uploads\/2023\/11\/maxresdefault-2.jpg\",\"width\":1280,\"height\":720},{\"@type\":\"BreadcrumbList\",\"@id\":\"https:\/\/casadasembalagenssr.com.br\/wfe\/bolacha-tradicional-de-natal\/#breadcrumb\",\"itemListElement\":[{\"@type\":\"ListItem\",\"position\":1,\"name\":\"In\u00edcio\",\"item\":\"https:\/\/casadasembalagenssr.com.br\/wfe\/\"},{\"@type\":\"ListItem\",\"position\":2,\"name\":\"Bolacha tradicional de Natal\"}]},{\"@type\":\"WebSite\",\"@id\":\"https:\/\/casadasembalagenssr.com.br\/wfe\/#website\",\"url\":\"https:\/\/casadasembalagenssr.com.br\/wfe\/\",\"name\":\"Casa das Embalagens - Presentes e Festas\",\"description\":\"Satisfa\u00e7\u00e3o em Encantar Clientes!\",\"publisher\":{\"@id\":\"https:\/\/casadasembalagenssr.com.br\/wfe\/#organization\"},\"alternateName\":\"Casa das Embalagens\",\"potentialAction\":[{\"@type\":\"SearchAction\",\"target\":{\"@type\":\"EntryPoint\",\"urlTemplate\":\"https:\/\/casadasembalagenssr.com.br\/wfe\/?s={search_term_string}\"},\"query-input\":{\"@type\":\"PropertyValueSpecification\",\"valueRequired\":true,\"valueName\":\"search_term_string\"}}],\"inLanguage\":\"pt-BR\"},{\"@type\":\"Organization\",\"@id\":\"https:\/\/casadasembalagenssr.com.br\/wfe\/#organization\",\"name\":\"Casa das Embalagens - Presentes e Festas\",\"alternateName\":\"Casa das Embalagens\",\"url\":\"https:\/\/casadasembalagenssr.com.br\/wfe\/\",\"logo\":{\"@type\":\"ImageObject\",\"inLanguage\":\"pt-BR\",\"@id\":\"https:\/\/casadasembalagenssr.com.br\/wfe\/#\/schema\/logo\/image\/\",\"url\":\"https:\/\/casadasembalagenssr.com.br\/wfe\/wp-content\/uploads\/2025\/10\/logo-casa-embalagens-santa-rosa.png\",\"contentUrl\":\"https:\/\/casadasembalagenssr.com.br\/wfe\/wp-content\/uploads\/2025\/10\/logo-casa-embalagens-santa-rosa.png\",\"width\":1080,\"height\":1080,\"caption\":\"Casa das Embalagens - Presentes e Festas\"},\"image\":{\"@id\":\"https:\/\/casadasembalagenssr.com.br\/wfe\/#\/schema\/logo\/image\/\"},\"sameAs\":[\"https:\/\/www.facebook.com\/casadasembalagenssr\",\"https:\/\/www.instagram.com\/casadasembalagenssr\/\",\"https:\/\/tiktok.com\/casadasrmbalagenssr1\",\"https:\/\/www.youtube.com\/@casadasembalagenssr\"]},{\"@type\":\"Person\",\"@id\":\"https:\/\/casadasembalagenssr.com.br\/wfe\/#\/schema\/person\/5af1caeec831e94e487dd156f72bf1a8\",\"name\":\"DHB\",\"sameAs\":[\"https:\/\/casadasembalagenssr.com.br\/wfe\"],\"url\":\"https:\/\/casadasembalagenssr.com.br\/wfe\/author\/digitalhelp\/\"}]}<\/script>\n<!-- \/ Yoast SEO plugin. -->","yoast_head_json":{"title":"Bolacha tradicional de Natal - Casa das Embalagens - Presentes &amp; Festas","description":"Bolacha tradicional de Natal","robots":{"index":"index","follow":"follow","max-snippet":"max-snippet:-1","max-image-preview":"max-image-preview:large","max-video-preview":"max-video-preview:-1"},"canonical":"https:\/\/casadasembalagenssr.com.br\/wfe\/bolacha-tradicional-de-natal\/","og_locale":"pt_BR","og_type":"article","og_title":"Bolacha tradicional de Natal - Casa das Embalagens - Presentes &amp; Festas","og_description":"Bolacha tradicional de Natal","og_url":"https:\/\/casadasembalagenssr.com.br\/wfe\/bolacha-tradicional-de-natal\/","og_site_name":"Casa das Embalagens - Presentes &amp; Festas","article_publisher":"https:\/\/www.facebook.com\/casadasembalagenssr","article_published_time":"2023-11-06T11:12:50+00:00","article_modified_time":"2025-11-07T19:14:20+00:00","og_image":[{"width":1280,"height":720,"url":"https:\/\/casadasembalagenssr.com.br\/wfe\/wp-content\/uploads\/2023\/11\/maxresdefault-2.jpg","type":"image\/jpeg"}],"author":"DHB","twitter_card":"summary_large_image","twitter_misc":{"Escrito por":"DHB","Est. tempo de leitura":"2 minutos"},"schema":{"@context":"https:\/\/schema.org","@graph":[{"@type":"Article","@id":"https:\/\/casadasembalagenssr.com.br\/wfe\/bolacha-tradicional-de-natal\/#article","isPartOf":{"@id":"https:\/\/casadasembalagenssr.com.br\/wfe\/bolacha-tradicional-de-natal\/"},"author":{"name":"DHB","@id":"https:\/\/casadasembalagenssr.com.br\/wfe\/#\/schema\/person\/5af1caeec831e94e487dd156f72bf1a8"},"headline":"Bolacha tradicional de Natal","datePublished":"2023-11-06T11:12:50+00:00","dateModified":"2025-11-07T19:14:20+00:00","mainEntityOfPage":{"@id":"https:\/\/casadasembalagenssr.com.br\/wfe\/bolacha-tradicional-de-natal\/"},"wordCount":257,"publisher":{"@id":"https:\/\/casadasembalagenssr.com.br\/wfe\/#organization"},"image":{"@id":"https:\/\/casadasembalagenssr.com.br\/wfe\/bolacha-tradicional-de-natal\/#primaryimage"},"thumbnailUrl":"https:\/\/casadasembalagenssr.com.br\/wfe\/wp-content\/uploads\/2023\/11\/maxresdefault-2.jpg","keywords":["caseiro","embalagens","natal","receita","santa rosa"],"articleSection":["RECEITAS"],"inLanguage":"pt-BR"},{"@type":"WebPage","@id":"https:\/\/casadasembalagenssr.com.br\/wfe\/bolacha-tradicional-de-natal\/","url":"https:\/\/casadasembalagenssr.com.br\/wfe\/bolacha-tradicional-de-natal\/","name":"Bolacha tradicional de Natal - Casa das Embalagens - Presentes &amp; Festas","isPartOf":{"@id":"https:\/\/casadasembalagenssr.com.br\/wfe\/#website"},"primaryImageOfPage":{"@id":"https:\/\/casadasembalagenssr.com.br\/wfe\/bolacha-tradicional-de-natal\/#primaryimage"},"image":{"@id":"https:\/\/casadasembalagenssr.com.br\/wfe\/bolacha-tradicional-de-natal\/#primaryimage"},"thumbnailUrl":"https:\/\/casadasembalagenssr.com.br\/wfe\/wp-content\/uploads\/2023\/11\/maxresdefault-2.jpg","datePublished":"2023-11-06T11:12:50+00:00","dateModified":"2025-11-07T19:14:20+00:00","description":"Bolacha tradicional de Natal","breadcrumb":{"@id":"https:\/\/casadasembalagenssr.com.br\/wfe\/bolacha-tradicional-de-natal\/#breadcrumb"},"inLanguage":"pt-BR","potentialAction":[{"@type":"ReadAction","target":["https:\/\/casadasembalagenssr.com.br\/wfe\/bolacha-tradicional-de-natal\/"]}]},{"@type":"ImageObject","inLanguage":"pt-BR","@id":"https:\/\/casadasembalagenssr.com.br\/wfe\/bolacha-tradicional-de-natal\/#primaryimage","url":"https:\/\/casadasembalagenssr.com.br\/wfe\/wp-content\/uploads\/2023\/11\/maxresdefault-2.jpg","contentUrl":"https:\/\/casadasembalagenssr.com.br\/wfe\/wp-content\/uploads\/2023\/11\/maxresdefault-2.jpg","width":1280,"height":720},{"@type":"BreadcrumbList","@id":"https:\/\/casadasembalagenssr.com.br\/wfe\/bolacha-tradicional-de-natal\/#breadcrumb","itemListElement":[{"@type":"ListItem","position":1,"name":"In\u00edcio","item":"https:\/\/casadasembalagenssr.com.br\/wfe\/"},{"@type":"ListItem","position":2,"name":"Bolacha tradicional de Natal"}]},{"@type":"WebSite","@id":"https:\/\/casadasembalagenssr.com.br\/wfe\/#website","url":"https:\/\/casadasembalagenssr.com.br\/wfe\/","name":"Casa das Embalagens - Presentes e Festas","description":"Satisfa\u00e7\u00e3o em Encantar Clientes!","publisher":{"@id":"https:\/\/casadasembalagenssr.com.br\/wfe\/#organization"},"alternateName":"Casa das Embalagens","potentialAction":[{"@type":"SearchAction","target":{"@type":"EntryPoint","urlTemplate":"https:\/\/casadasembalagenssr.com.br\/wfe\/?s={search_term_string}"},"query-input":{"@type":"PropertyValueSpecification","valueRequired":true,"valueName":"search_term_string"}}],"inLanguage":"pt-BR"},{"@type":"Organization","@id":"https:\/\/casadasembalagenssr.com.br\/wfe\/#organization","name":"Casa das Embalagens - Presentes e Festas","alternateName":"Casa das Embalagens","url":"https:\/\/casadasembalagenssr.com.br\/wfe\/","logo":{"@type":"ImageObject","inLanguage":"pt-BR","@id":"https:\/\/casadasembalagenssr.com.br\/wfe\/#\/schema\/logo\/image\/","url":"https:\/\/casadasembalagenssr.com.br\/wfe\/wp-content\/uploads\/2025\/10\/logo-casa-embalagens-santa-rosa.png","contentUrl":"https:\/\/casadasembalagenssr.com.br\/wfe\/wp-content\/uploads\/2025\/10\/logo-casa-embalagens-santa-rosa.png","width":1080,"height":1080,"caption":"Casa das Embalagens - Presentes e Festas"},"image":{"@id":"https:\/\/casadasembalagenssr.com.br\/wfe\/#\/schema\/logo\/image\/"},"sameAs":["https:\/\/www.facebook.com\/casadasembalagenssr","https:\/\/www.instagram.com\/casadasembalagenssr\/","https:\/\/tiktok.com\/casadasrmbalagenssr1","https:\/\/www.youtube.com\/@casadasembalagenssr"]},{"@type":"Person","@id":"https:\/\/casadasembalagenssr.com.br\/wfe\/#\/schema\/person\/5af1caeec831e94e487dd156f72bf1a8","name":"DHB","sameAs":["https:\/\/casadasembalagenssr.com.br\/wfe"],"url":"https:\/\/casadasembalagenssr.com.br\/wfe\/author\/digitalhelp\/"}]}},"_links":{"self":[{"href":"https:\/\/casadasembalagenssr.com.br\/wfe\/wp-json\/wp\/v2\/posts\/2083","targetHints":{"allow":["GET"]}}],"collection":[{"href":"https:\/\/casadasembalagenssr.com.br\/wfe\/wp-json\/wp\/v2\/posts"}],"about":[{"href":"https:\/\/casadasembalagenssr.com.br\/wfe\/wp-json\/wp\/v2\/types\/post"}],"author":[{"embeddable":true,"href":"https:\/\/casadasembalagenssr.com.br\/wfe\/wp-json\/wp\/v2\/users\/1"}],"replies":[{"embeddable":true,"href":"https:\/\/casadasembalagenssr.com.br\/wfe\/wp-json\/wp\/v2\/comments?post=2083"}],"version-history":[{"count":1,"href":"https:\/\/casadasembalagenssr.com.br\/wfe\/wp-json\/wp\/v2\/posts\/2083\/revisions"}],"predecessor-version":[{"id":3150,"href":"https:\/\/casadasembalagenssr.com.br\/wfe\/wp-json\/wp\/v2\/posts\/2083\/revisions\/3150"}],"wp:featuredmedia":[{"embeddable":true,"href":"https:\/\/casadasembalagenssr.com.br\/wfe\/wp-json\/wp\/v2\/media\/2084"}],"wp:attachment":[{"href":"https:\/\/casadasembalagenssr.com.br\/wfe\/wp-json\/wp\/v2\/media?parent=2083"}],"wp:term":[{"taxonomy":"category","embeddable":true,"href":"https:\/\/casadasembalagenssr.com.br\/wfe\/wp-json\/wp\/v2\/categories?post=2083"},{"taxonomy":"post_tag","embeddable":true,"href":"https:\/\/casadasembalagenssr.com.br\/wfe\/wp-json\/wp\/v2\/tags?post=2083"}],"curies":[{"name":"wp","href":"https:\/\/api.w.org\/{rel}","templated":true}]}}