{"id":2623,"date":"2024-12-04T17:56:27","date_gmt":"2024-12-04T17:56:27","guid":{"rendered":"https:\/\/casadasembalagenssr.com.br\/wfe\/?p=2623"},"modified":"2024-12-04T17:56:43","modified_gmt":"2024-12-04T17:56:43","slug":"biscoitos-decorados","status":"publish","type":"post","link":"https:\/\/casadasembalagenssr.com.br\/wfe\/biscoitos-decorados\/","title":{"rendered":"Biscoitos Decorados"},"content":{"rendered":"\n<h3 class=\"wp-block-heading\">Ingredientes<\/h3>\n\n\n\n<ul class=\"wp-block-list\">\n<li>145g de Manteiga sem sal<\/li>\n\n\n\n<li>70g de A\u00e7\u00facar refinado<\/li>\n\n\n\n<li>70g de A\u00e7\u00fa\u00e7ar mascavo<\/li>\n\n\n\n<li>125g de Ovo inteiro<\/li>\n\n\n\n<li>5g de Canela em p\u00f3<\/li>\n\n\n\n<li>230g de Farinha de trigo<\/li>\n\n\n\n<li>20g de Cacau em P\u00f3 Melken 100%<\/li>\n\n\n\n<li>200g Cobertura TOP Branco<\/li>\n\n\n\n<li>Corante comest\u00edvel de v\u00e1rias cores<\/li>\n<\/ul>\n\n\n\n<h3 class=\"wp-block-heading\"><em><strong>Produtos utilizados: Cobertura TOP Branco em Gotas 1,01kg e Cacau em P\u00f3 Melken 100% Cacau 200g<\/strong><\/em> <mark style=\"background-color:rgba(0, 0, 0, 0)\" class=\"has-inline-color has-vivid-red-color\">(Esses e outros da linha Harald voc\u00ea encontra em  nossa loja!)<\/mark><\/h3>\n\n\n\n<h3 class=\"wp-block-heading\">Modo de preparo<\/h3>\n\n\n\n<h3 class=\"wp-block-heading\">Preparo da Massa:<\/h3>\n\n\n\n<ol class=\"wp-block-list\">\n<li>Em primeiro lugar, para come\u00e7ar a receita de Biscoitos Decorados, use a batedeira com o acess\u00f3rio p\u00e1 para misturar a manteiga com os dois tipos de a\u00e7\u00facar at\u00e9 obter uma textura homog\u00eanea.<\/li>\n\n\n\n<li>Em seguida, adicione o ovo, a canela e o\u00a0<strong>Cacau em P\u00f3 Melken 100%<\/strong>, garantindo que todos os ingredientes estejam bem incorporados.<\/li>\n\n\n\n<li>Depois disso, acrescente gradualmente a farinha de trigo. Continue misturando at\u00e9 que a massa se desprenda completamente das laterais da tigela, resultando em uma massa lisa e f\u00e1cil de manusear.<\/li>\n\n\n\n<li>Com a massa pronta, abra-a em uma superf\u00edcie levemente enfarinhada at\u00e9 atingir uma espessura de 0,5 cm. Use cortadores para dar aos biscoitos o formato desejado, tornando-os ainda mais atrativos para diferentes ocasi\u00f5es.<\/li>\n\n\n\n<li>E ent\u00e3o, distribua os biscoitos em uma assadeira e leve ao forno preaquecido a 180 \u00b0C. Asse por 15 minutos ou at\u00e9 que estejam levemente dourados.<\/li>\n\n\n\n<li>Retire do forno, deixe esfriar completamente e prepare-se para a etapa de decora\u00e7\u00e3o.<\/li>\n<\/ol>\n\n\n\n<h3 class=\"wp-block-heading\">Decora\u00e7\u00e3o e Finaliza\u00e7\u00e3o dos Biscoitos Decorados:<\/h3>\n\n\n\n<ol class=\"wp-block-list\">\n<li>Para a decora\u00e7\u00e3o, derreta a\u00a0<strong>Cobertura TOP Branco<\/strong>\u00a0conforme as instru\u00e7\u00f5es da embalagem. Depois de derretida, divida-a em pequenas por\u00e7\u00f5es e tinja com corantes aliment\u00edcios nas cores de sua prefer\u00eancia.<\/li>\n\n\n\n<li>Com a cobertura colorida pronta, utilize cones ou cartuchos de papel para aplicar os detalhes nos biscoitos, criando formas e desenhos personalizados.<\/li>\n\n\n\n<li>Por fim, esse processo permite dar asas \u00e0 criatividade, transformando seus Biscoitos Decorados em verdadeiras obras de arte comest\u00edveis.<\/li>\n<\/ol>\n","protected":false},"excerpt":{"rendered":"<p>Ingredientes Produtos utilizados: Cobertura TOP Branco em Gotas 1,01kg e Cacau em P\u00f3 Melken 100% Cacau 200g (Esses e outros da linha Harald voc\u00ea encontra em nossa loja!) Modo de preparo Preparo da Massa: Decora\u00e7\u00e3o e Finaliza\u00e7\u00e3o dos Biscoitos Decorados:<\/p>\n","protected":false},"author":1,"featured_media":2624,"comment_status":"closed","ping_status":"closed","sticky":false,"template":"","format":"standard","meta":{"_eb_attr":"","footnotes":""},"categories":[67],"tags":[163,319,68,72],"class_list":["post-2623","post","type-post","status-publish","format-standard","has-post-thumbnail","hentry","category-receitas","tag-chocolates","tag-natal","tag-receita","tag-santa-rosa"],"yoast_head":"<!-- This site is optimized with the Yoast SEO plugin v27.2 - https:\/\/yoast.com\/product\/yoast-seo-wordpress\/ -->\n<title>Biscoitos Decorados - Casa das Embalagens - Presentes &amp; Festas<\/title>\n<meta name=\"robots\" content=\"index, follow, max-snippet:-1, max-image-preview:large, max-video-preview:-1\" \/>\n<link rel=\"canonical\" href=\"https:\/\/casadasembalagenssr.com.br\/wfe\/biscoitos-decorados\/\" \/>\n<meta property=\"og:locale\" content=\"pt_BR\" \/>\n<meta property=\"og:type\" content=\"article\" \/>\n<meta property=\"og:title\" content=\"Biscoitos Decorados - Casa das Embalagens - Presentes &amp; Festas\" \/>\n<meta property=\"og:description\" content=\"Ingredientes Produtos utilizados: Cobertura TOP Branco em Gotas 1,01kg e Cacau em P\u00f3 Melken 100% Cacau 200g (Esses e outros da linha Harald voc\u00ea encontra em nossa loja!) Modo de preparo Preparo da Massa: Decora\u00e7\u00e3o e Finaliza\u00e7\u00e3o dos Biscoitos Decorados:\" \/>\n<meta property=\"og:url\" content=\"https:\/\/casadasembalagenssr.com.br\/wfe\/biscoitos-decorados\/\" \/>\n<meta property=\"og:site_name\" content=\"Casa das Embalagens - Presentes &amp; Festas\" \/>\n<meta property=\"article:publisher\" content=\"https:\/\/www.facebook.com\/casadasembalagenssr\" \/>\n<meta property=\"article:published_time\" content=\"2024-12-04T17:56:27+00:00\" \/>\n<meta property=\"article:modified_time\" content=\"2024-12-04T17:56:43+00:00\" \/>\n<meta property=\"og:image\" content=\"https:\/\/casadasembalagenssr.com.br\/wfe\/wp-content\/uploads\/2024\/12\/harald-07-2024-19-1920x1376-1.webp\" \/>\n\t<meta property=\"og:image:width\" content=\"1920\" \/>\n\t<meta property=\"og:image:height\" content=\"1376\" \/>\n\t<meta property=\"og:image:type\" content=\"image\/webp\" \/>\n<meta name=\"author\" content=\"DHB\" \/>\n<meta name=\"twitter:card\" content=\"summary_large_image\" \/>\n<meta name=\"twitter:label1\" content=\"Escrito por\" \/>\n\t<meta name=\"twitter:data1\" content=\"DHB\" \/>\n\t<meta name=\"twitter:label2\" content=\"Est. tempo de leitura\" \/>\n\t<meta name=\"twitter:data2\" content=\"2 minutos\" \/>\n<script type=\"application\/ld+json\" class=\"yoast-schema-graph\">{\"@context\":\"https:\/\/schema.org\",\"@graph\":[{\"@type\":\"Article\",\"@id\":\"https:\/\/casadasembalagenssr.com.br\/wfe\/biscoitos-decorados\/#article\",\"isPartOf\":{\"@id\":\"https:\/\/casadasembalagenssr.com.br\/wfe\/biscoitos-decorados\/\"},\"author\":{\"name\":\"DHB\",\"@id\":\"https:\/\/casadasembalagenssr.com.br\/wfe\/#\/schema\/person\/5af1caeec831e94e487dd156f72bf1a8\"},\"headline\":\"Biscoitos Decorados\",\"datePublished\":\"2024-12-04T17:56:27+00:00\",\"dateModified\":\"2024-12-04T17:56:43+00:00\",\"mainEntityOfPage\":{\"@id\":\"https:\/\/casadasembalagenssr.com.br\/wfe\/biscoitos-decorados\/\"},\"wordCount\":326,\"publisher\":{\"@id\":\"https:\/\/casadasembalagenssr.com.br\/wfe\/#organization\"},\"image\":{\"@id\":\"https:\/\/casadasembalagenssr.com.br\/wfe\/biscoitos-decorados\/#primaryimage\"},\"thumbnailUrl\":\"https:\/\/casadasembalagenssr.com.br\/wfe\/wp-content\/uploads\/2024\/12\/harald-07-2024-19-1920x1376-1.webp\",\"keywords\":[\"chocolates\",\"natal\",\"receita\",\"santa rosa\"],\"articleSection\":[\"RECEITAS\"],\"inLanguage\":\"pt-BR\"},{\"@type\":\"WebPage\",\"@id\":\"https:\/\/casadasembalagenssr.com.br\/wfe\/biscoitos-decorados\/\",\"url\":\"https:\/\/casadasembalagenssr.com.br\/wfe\/biscoitos-decorados\/\",\"name\":\"Biscoitos Decorados - Casa das Embalagens - Presentes &amp; Festas\",\"isPartOf\":{\"@id\":\"https:\/\/casadasembalagenssr.com.br\/wfe\/#website\"},\"primaryImageOfPage\":{\"@id\":\"https:\/\/casadasembalagenssr.com.br\/wfe\/biscoitos-decorados\/#primaryimage\"},\"image\":{\"@id\":\"https:\/\/casadasembalagenssr.com.br\/wfe\/biscoitos-decorados\/#primaryimage\"},\"thumbnailUrl\":\"https:\/\/casadasembalagenssr.com.br\/wfe\/wp-content\/uploads\/2024\/12\/harald-07-2024-19-1920x1376-1.webp\",\"datePublished\":\"2024-12-04T17:56:27+00:00\",\"dateModified\":\"2024-12-04T17:56:43+00:00\",\"breadcrumb\":{\"@id\":\"https:\/\/casadasembalagenssr.com.br\/wfe\/biscoitos-decorados\/#breadcrumb\"},\"inLanguage\":\"pt-BR\",\"potentialAction\":[{\"@type\":\"ReadAction\",\"target\":[\"https:\/\/casadasembalagenssr.com.br\/wfe\/biscoitos-decorados\/\"]}]},{\"@type\":\"ImageObject\",\"inLanguage\":\"pt-BR\",\"@id\":\"https:\/\/casadasembalagenssr.com.br\/wfe\/biscoitos-decorados\/#primaryimage\",\"url\":\"https:\/\/casadasembalagenssr.com.br\/wfe\/wp-content\/uploads\/2024\/12\/harald-07-2024-19-1920x1376-1.webp\",\"contentUrl\":\"https:\/\/casadasembalagenssr.com.br\/wfe\/wp-content\/uploads\/2024\/12\/harald-07-2024-19-1920x1376-1.webp\",\"width\":1920,\"height\":1376},{\"@type\":\"BreadcrumbList\",\"@id\":\"https:\/\/casadasembalagenssr.com.br\/wfe\/biscoitos-decorados\/#breadcrumb\",\"itemListElement\":[{\"@type\":\"ListItem\",\"position\":1,\"name\":\"In\u00edcio\",\"item\":\"https:\/\/casadasembalagenssr.com.br\/wfe\/\"},{\"@type\":\"ListItem\",\"position\":2,\"name\":\"Biscoitos Decorados\"}]},{\"@type\":\"WebSite\",\"@id\":\"https:\/\/casadasembalagenssr.com.br\/wfe\/#website\",\"url\":\"https:\/\/casadasembalagenssr.com.br\/wfe\/\",\"name\":\"Casa das Embalagens - Presentes e Festas\",\"description\":\"Satisfa\u00e7\u00e3o em Encantar Clientes!\",\"publisher\":{\"@id\":\"https:\/\/casadasembalagenssr.com.br\/wfe\/#organization\"},\"alternateName\":\"Casa das Embalagens\",\"potentialAction\":[{\"@type\":\"SearchAction\",\"target\":{\"@type\":\"EntryPoint\",\"urlTemplate\":\"https:\/\/casadasembalagenssr.com.br\/wfe\/?s={search_term_string}\"},\"query-input\":{\"@type\":\"PropertyValueSpecification\",\"valueRequired\":true,\"valueName\":\"search_term_string\"}}],\"inLanguage\":\"pt-BR\"},{\"@type\":\"Organization\",\"@id\":\"https:\/\/casadasembalagenssr.com.br\/wfe\/#organization\",\"name\":\"Casa das Embalagens - Presentes e Festas\",\"alternateName\":\"Casa das Embalagens\",\"url\":\"https:\/\/casadasembalagenssr.com.br\/wfe\/\",\"logo\":{\"@type\":\"ImageObject\",\"inLanguage\":\"pt-BR\",\"@id\":\"https:\/\/casadasembalagenssr.com.br\/wfe\/#\/schema\/logo\/image\/\",\"url\":\"https:\/\/casadasembalagenssr.com.br\/wfe\/wp-content\/uploads\/2025\/10\/logo-casa-embalagens-santa-rosa.png\",\"contentUrl\":\"https:\/\/casadasembalagenssr.com.br\/wfe\/wp-content\/uploads\/2025\/10\/logo-casa-embalagens-santa-rosa.png\",\"width\":1080,\"height\":1080,\"caption\":\"Casa das Embalagens - Presentes e Festas\"},\"image\":{\"@id\":\"https:\/\/casadasembalagenssr.com.br\/wfe\/#\/schema\/logo\/image\/\"},\"sameAs\":[\"https:\/\/www.facebook.com\/casadasembalagenssr\",\"https:\/\/www.instagram.com\/casadasembalagenssr\/\",\"https:\/\/tiktok.com\/casadasrmbalagenssr1\",\"https:\/\/www.youtube.com\/@casadasembalagenssr\"]},{\"@type\":\"Person\",\"@id\":\"https:\/\/casadasembalagenssr.com.br\/wfe\/#\/schema\/person\/5af1caeec831e94e487dd156f72bf1a8\",\"name\":\"DHB\",\"sameAs\":[\"https:\/\/casadasembalagenssr.com.br\/wfe\"],\"url\":\"https:\/\/casadasembalagenssr.com.br\/wfe\/author\/digitalhelp\/\"}]}<\/script>\n<!-- \/ Yoast SEO plugin. -->","yoast_head_json":{"title":"Biscoitos Decorados - Casa das Embalagens - Presentes &amp; Festas","robots":{"index":"index","follow":"follow","max-snippet":"max-snippet:-1","max-image-preview":"max-image-preview:large","max-video-preview":"max-video-preview:-1"},"canonical":"https:\/\/casadasembalagenssr.com.br\/wfe\/biscoitos-decorados\/","og_locale":"pt_BR","og_type":"article","og_title":"Biscoitos Decorados - Casa das Embalagens - Presentes &amp; Festas","og_description":"Ingredientes Produtos utilizados: Cobertura TOP Branco em Gotas 1,01kg e Cacau em P\u00f3 Melken 100% Cacau 200g (Esses e outros da linha Harald voc\u00ea encontra em nossa loja!) Modo de preparo Preparo da Massa: Decora\u00e7\u00e3o e Finaliza\u00e7\u00e3o dos Biscoitos Decorados:","og_url":"https:\/\/casadasembalagenssr.com.br\/wfe\/biscoitos-decorados\/","og_site_name":"Casa das Embalagens - Presentes &amp; Festas","article_publisher":"https:\/\/www.facebook.com\/casadasembalagenssr","article_published_time":"2024-12-04T17:56:27+00:00","article_modified_time":"2024-12-04T17:56:43+00:00","og_image":[{"width":1920,"height":1376,"url":"https:\/\/casadasembalagenssr.com.br\/wfe\/wp-content\/uploads\/2024\/12\/harald-07-2024-19-1920x1376-1.webp","type":"image\/webp"}],"author":"DHB","twitter_card":"summary_large_image","twitter_misc":{"Escrito por":"DHB","Est. tempo de leitura":"2 minutos"},"schema":{"@context":"https:\/\/schema.org","@graph":[{"@type":"Article","@id":"https:\/\/casadasembalagenssr.com.br\/wfe\/biscoitos-decorados\/#article","isPartOf":{"@id":"https:\/\/casadasembalagenssr.com.br\/wfe\/biscoitos-decorados\/"},"author":{"name":"DHB","@id":"https:\/\/casadasembalagenssr.com.br\/wfe\/#\/schema\/person\/5af1caeec831e94e487dd156f72bf1a8"},"headline":"Biscoitos Decorados","datePublished":"2024-12-04T17:56:27+00:00","dateModified":"2024-12-04T17:56:43+00:00","mainEntityOfPage":{"@id":"https:\/\/casadasembalagenssr.com.br\/wfe\/biscoitos-decorados\/"},"wordCount":326,"publisher":{"@id":"https:\/\/casadasembalagenssr.com.br\/wfe\/#organization"},"image":{"@id":"https:\/\/casadasembalagenssr.com.br\/wfe\/biscoitos-decorados\/#primaryimage"},"thumbnailUrl":"https:\/\/casadasembalagenssr.com.br\/wfe\/wp-content\/uploads\/2024\/12\/harald-07-2024-19-1920x1376-1.webp","keywords":["chocolates","natal","receita","santa rosa"],"articleSection":["RECEITAS"],"inLanguage":"pt-BR"},{"@type":"WebPage","@id":"https:\/\/casadasembalagenssr.com.br\/wfe\/biscoitos-decorados\/","url":"https:\/\/casadasembalagenssr.com.br\/wfe\/biscoitos-decorados\/","name":"Biscoitos Decorados - Casa das Embalagens - Presentes &amp; Festas","isPartOf":{"@id":"https:\/\/casadasembalagenssr.com.br\/wfe\/#website"},"primaryImageOfPage":{"@id":"https:\/\/casadasembalagenssr.com.br\/wfe\/biscoitos-decorados\/#primaryimage"},"image":{"@id":"https:\/\/casadasembalagenssr.com.br\/wfe\/biscoitos-decorados\/#primaryimage"},"thumbnailUrl":"https:\/\/casadasembalagenssr.com.br\/wfe\/wp-content\/uploads\/2024\/12\/harald-07-2024-19-1920x1376-1.webp","datePublished":"2024-12-04T17:56:27+00:00","dateModified":"2024-12-04T17:56:43+00:00","breadcrumb":{"@id":"https:\/\/casadasembalagenssr.com.br\/wfe\/biscoitos-decorados\/#breadcrumb"},"inLanguage":"pt-BR","potentialAction":[{"@type":"ReadAction","target":["https:\/\/casadasembalagenssr.com.br\/wfe\/biscoitos-decorados\/"]}]},{"@type":"ImageObject","inLanguage":"pt-BR","@id":"https:\/\/casadasembalagenssr.com.br\/wfe\/biscoitos-decorados\/#primaryimage","url":"https:\/\/casadasembalagenssr.com.br\/wfe\/wp-content\/uploads\/2024\/12\/harald-07-2024-19-1920x1376-1.webp","contentUrl":"https:\/\/casadasembalagenssr.com.br\/wfe\/wp-content\/uploads\/2024\/12\/harald-07-2024-19-1920x1376-1.webp","width":1920,"height":1376},{"@type":"BreadcrumbList","@id":"https:\/\/casadasembalagenssr.com.br\/wfe\/biscoitos-decorados\/#breadcrumb","itemListElement":[{"@type":"ListItem","position":1,"name":"In\u00edcio","item":"https:\/\/casadasembalagenssr.com.br\/wfe\/"},{"@type":"ListItem","position":2,"name":"Biscoitos Decorados"}]},{"@type":"WebSite","@id":"https:\/\/casadasembalagenssr.com.br\/wfe\/#website","url":"https:\/\/casadasembalagenssr.com.br\/wfe\/","name":"Casa das Embalagens - Presentes e Festas","description":"Satisfa\u00e7\u00e3o em Encantar Clientes!","publisher":{"@id":"https:\/\/casadasembalagenssr.com.br\/wfe\/#organization"},"alternateName":"Casa das Embalagens","potentialAction":[{"@type":"SearchAction","target":{"@type":"EntryPoint","urlTemplate":"https:\/\/casadasembalagenssr.com.br\/wfe\/?s={search_term_string}"},"query-input":{"@type":"PropertyValueSpecification","valueRequired":true,"valueName":"search_term_string"}}],"inLanguage":"pt-BR"},{"@type":"Organization","@id":"https:\/\/casadasembalagenssr.com.br\/wfe\/#organization","name":"Casa das Embalagens - Presentes e Festas","alternateName":"Casa das Embalagens","url":"https:\/\/casadasembalagenssr.com.br\/wfe\/","logo":{"@type":"ImageObject","inLanguage":"pt-BR","@id":"https:\/\/casadasembalagenssr.com.br\/wfe\/#\/schema\/logo\/image\/","url":"https:\/\/casadasembalagenssr.com.br\/wfe\/wp-content\/uploads\/2025\/10\/logo-casa-embalagens-santa-rosa.png","contentUrl":"https:\/\/casadasembalagenssr.com.br\/wfe\/wp-content\/uploads\/2025\/10\/logo-casa-embalagens-santa-rosa.png","width":1080,"height":1080,"caption":"Casa das Embalagens - Presentes e Festas"},"image":{"@id":"https:\/\/casadasembalagenssr.com.br\/wfe\/#\/schema\/logo\/image\/"},"sameAs":["https:\/\/www.facebook.com\/casadasembalagenssr","https:\/\/www.instagram.com\/casadasembalagenssr\/","https:\/\/tiktok.com\/casadasrmbalagenssr1","https:\/\/www.youtube.com\/@casadasembalagenssr"]},{"@type":"Person","@id":"https:\/\/casadasembalagenssr.com.br\/wfe\/#\/schema\/person\/5af1caeec831e94e487dd156f72bf1a8","name":"DHB","sameAs":["https:\/\/casadasembalagenssr.com.br\/wfe"],"url":"https:\/\/casadasembalagenssr.com.br\/wfe\/author\/digitalhelp\/"}]}},"_links":{"self":[{"href":"https:\/\/casadasembalagenssr.com.br\/wfe\/wp-json\/wp\/v2\/posts\/2623","targetHints":{"allow":["GET"]}}],"collection":[{"href":"https:\/\/casadasembalagenssr.com.br\/wfe\/wp-json\/wp\/v2\/posts"}],"about":[{"href":"https:\/\/casadasembalagenssr.com.br\/wfe\/wp-json\/wp\/v2\/types\/post"}],"author":[{"embeddable":true,"href":"https:\/\/casadasembalagenssr.com.br\/wfe\/wp-json\/wp\/v2\/users\/1"}],"replies":[{"embeddable":true,"href":"https:\/\/casadasembalagenssr.com.br\/wfe\/wp-json\/wp\/v2\/comments?post=2623"}],"version-history":[{"count":1,"href":"https:\/\/casadasembalagenssr.com.br\/wfe\/wp-json\/wp\/v2\/posts\/2623\/revisions"}],"predecessor-version":[{"id":2625,"href":"https:\/\/casadasembalagenssr.com.br\/wfe\/wp-json\/wp\/v2\/posts\/2623\/revisions\/2625"}],"wp:featuredmedia":[{"embeddable":true,"href":"https:\/\/casadasembalagenssr.com.br\/wfe\/wp-json\/wp\/v2\/media\/2624"}],"wp:attachment":[{"href":"https:\/\/casadasembalagenssr.com.br\/wfe\/wp-json\/wp\/v2\/media?parent=2623"}],"wp:term":[{"taxonomy":"category","embeddable":true,"href":"https:\/\/casadasembalagenssr.com.br\/wfe\/wp-json\/wp\/v2\/categories?post=2623"},{"taxonomy":"post_tag","embeddable":true,"href":"https:\/\/casadasembalagenssr.com.br\/wfe\/wp-json\/wp\/v2\/tags?post=2623"}],"curies":[{"name":"wp","href":"https:\/\/api.w.org\/{rel}","templated":true}]}}