{"id":2931,"date":"2025-04-25T10:43:47","date_gmt":"2025-04-25T13:43:47","guid":{"rendered":"https:\/\/casadasembalagenssr.com.br\/wfe\/?p=2931"},"modified":"2025-05-01T10:56:35","modified_gmt":"2025-05-01T13:56:35","slug":"dia-das-maes-um-dia-de-rainha","status":"publish","type":"post","link":"https:\/\/casadasembalagenssr.com.br\/wfe\/dia-das-maes-um-dia-de-rainha\/","title":{"rendered":"Promo\u00e7\u00e3o Especial de Dia das M\u00e3es: Um Dia de Rainha para Uma M\u00e3e Incr\u00edvel"},"content":{"rendered":"\n<p><\/p>\n\n\n\n<hr class=\"wp-block-separator has-alpha-channel-opacity\"\/>\n\n\n\n<figure class=\"wp-block-image alignleft size-large is-resized\"><img loading=\"lazy\" decoding=\"async\" width=\"819\" height=\"1024\" src=\"https:\/\/casadasembalagenssr.com.br\/wfe\/wp-content\/uploads\/2025\/05\/campanhadiadasmaes-819x1024.webp\" alt=\"\" class=\"wp-image-2932\" style=\"width:307px;height:auto\" srcset=\"https:\/\/casadasembalagenssr.com.br\/wfe\/wp-content\/uploads\/2025\/05\/campanhadiadasmaes-819x1024.webp 819w, https:\/\/casadasembalagenssr.com.br\/wfe\/wp-content\/uploads\/2025\/05\/campanhadiadasmaes-240x300.webp 240w, https:\/\/casadasembalagenssr.com.br\/wfe\/wp-content\/uploads\/2025\/05\/campanhadiadasmaes-768x960.webp 768w, https:\/\/casadasembalagenssr.com.br\/wfe\/wp-content\/uploads\/2025\/05\/campanhadiadasmaes-500x625.webp 500w, https:\/\/casadasembalagenssr.com.br\/wfe\/wp-content\/uploads\/2025\/05\/campanhadiadasmaes.webp 864w\" sizes=\"auto, (max-width: 819px) 100vw, 819px\" \/><\/figure>\n\n\n\n<p>A Casa das Embalagens preparou uma a\u00e7\u00e3o especial para homenagear o amor mais poderoso do mundo: o de m\u00e3e. Nesta data t\u00e3o significativa, queremos retribuir com carinho e proporcionar a uma m\u00e3e um verdadeiro dia de rainha.<\/p>\n\n\n\n<p><strong>Como participar?<\/strong><br>Conte para a gente, em at\u00e9 15 linhas, a hist\u00f3ria da sua m\u00e3e e por que ela merece viver esse momento inesquec\u00edvel. Envie sua mensagem por <strong>inbox (mensagem direta)<\/strong> no nosso <strong><a href=\"https:\/\/www.instagram.com\/casadasembalagenssr\" target=\"_blank\" rel=\"noreferrer noopener\">Instagram<\/a> ou <a href=\"https:\/\/www.facebook.com\/casadasembalagenssr\" target=\"_blank\" rel=\"noreferrer noopener\">Facebook<\/a><\/strong>, at\u00e9 o dia <strong>8 de maio<\/strong>.<\/p>\n\n\n\n<p><strong>A m\u00e3e vencedora receber\u00e1:<\/strong><\/p>\n\n\n\n<ul class=\"wp-block-list\">\n<li>Uma linda cesta presente da Casa das Embalagens e um vale-compras no valor de R$150,00<\/li>\n\n\n\n<li>Sess\u00e3o de m\u00e3os e p\u00e9s, corte de cabelo e escova com a equipe da Nice &amp; Cia<\/li>\n\n\n\n<li>Maquiagem com Manu Saggin<\/li>\n\n\n\n<li>Massagem relaxante oferecida pela Nice &amp; Cia<\/li>\n\n\n\n<li>Book fotogr\u00e1fico com 20 fotos digitais feitas por Carin Rychescki<\/li>\n<\/ul>\n\n\n\n<p>O resultado ser\u00e1 divulgado no dia <strong>11 de maio<\/strong> em nossas redes sociais.<\/p>\n\n\n\n<p>Participe e ajude a transformar o Dia das M\u00e3es de algu\u00e9m muito especial em uma experi\u00eancia memor\u00e1vel.<\/p>\n\n\n\n<p><\/p>\n","protected":false},"excerpt":{"rendered":"<p>A Casa das Embalagens preparou uma a\u00e7\u00e3o especial para homenagear o amor mais poderoso do mundo: o de m\u00e3e. Nesta data t\u00e3o significativa, queremos retribuir com carinho e proporcionar a uma m\u00e3e um verdadeiro dia de rainha. Como participar?Conte para a gente, em at\u00e9 15 linhas, a hist\u00f3ria da sua m\u00e3e e por que ela&#8230;<\/p>\n","protected":false},"author":1,"featured_media":2932,"comment_status":"closed","ping_status":"closed","sticky":false,"template":"","format":"standard","meta":{"_eb_attr":"","footnotes":""},"categories":[158],"tags":[],"class_list":["post-2931","post","type-post","status-publish","format-standard","has-post-thumbnail","hentry","category-blog"],"yoast_head":"<!-- This site is optimized with the Yoast SEO plugin v27.2 - https:\/\/yoast.com\/product\/yoast-seo-wordpress\/ -->\n<title>Promo\u00e7\u00e3o Especial de Dia das M\u00e3es: Um Dia de Rainha para Uma M\u00e3e Incr\u00edvel - Casa das Embalagens - Presentes &amp; Festas<\/title>\n<meta name=\"robots\" content=\"index, follow, max-snippet:-1, max-image-preview:large, max-video-preview:-1\" \/>\n<link rel=\"canonical\" href=\"https:\/\/casadasembalagenssr.com.br\/wfe\/dia-das-maes-um-dia-de-rainha\/\" \/>\n<meta property=\"og:locale\" content=\"pt_BR\" \/>\n<meta property=\"og:type\" content=\"article\" \/>\n<meta property=\"og:title\" content=\"Promo\u00e7\u00e3o Especial de Dia das M\u00e3es: Um Dia de Rainha para Uma M\u00e3e Incr\u00edvel - Casa das Embalagens - Presentes &amp; Festas\" \/>\n<meta property=\"og:description\" content=\"A Casa das Embalagens preparou uma a\u00e7\u00e3o especial para homenagear o amor mais poderoso do mundo: o de m\u00e3e. Nesta data t\u00e3o significativa, queremos retribuir com carinho e proporcionar a uma m\u00e3e um verdadeiro dia de rainha. Como participar?Conte para a gente, em at\u00e9 15 linhas, a hist\u00f3ria da sua m\u00e3e e por que ela...\" \/>\n<meta property=\"og:url\" content=\"https:\/\/casadasembalagenssr.com.br\/wfe\/dia-das-maes-um-dia-de-rainha\/\" \/>\n<meta property=\"og:site_name\" content=\"Casa das Embalagens - Presentes &amp; Festas\" \/>\n<meta property=\"article:publisher\" content=\"https:\/\/www.facebook.com\/casadasembalagenssr\" \/>\n<meta property=\"article:published_time\" content=\"2025-04-25T13:43:47+00:00\" \/>\n<meta property=\"article:modified_time\" content=\"2025-05-01T13:56:35+00:00\" \/>\n<meta property=\"og:image\" content=\"https:\/\/casadasembalagenssr.com.br\/wfe\/wp-content\/uploads\/2025\/05\/campanhadiadasmaes.webp\" \/>\n\t<meta property=\"og:image:width\" content=\"864\" \/>\n\t<meta property=\"og:image:height\" content=\"1080\" \/>\n\t<meta property=\"og:image:type\" content=\"image\/webp\" \/>\n<meta name=\"author\" content=\"DHB\" \/>\n<meta name=\"twitter:card\" content=\"summary_large_image\" \/>\n<meta name=\"twitter:label1\" content=\"Escrito por\" \/>\n\t<meta name=\"twitter:data1\" content=\"DHB\" \/>\n\t<meta name=\"twitter:label2\" content=\"Est. tempo de leitura\" \/>\n\t<meta name=\"twitter:data2\" content=\"1 minuto\" \/>\n<script type=\"application\/ld+json\" class=\"yoast-schema-graph\">{\"@context\":\"https:\/\/schema.org\",\"@graph\":[{\"@type\":\"Article\",\"@id\":\"https:\/\/casadasembalagenssr.com.br\/wfe\/dia-das-maes-um-dia-de-rainha\/#article\",\"isPartOf\":{\"@id\":\"https:\/\/casadasembalagenssr.com.br\/wfe\/dia-das-maes-um-dia-de-rainha\/\"},\"author\":{\"name\":\"DHB\",\"@id\":\"https:\/\/casadasembalagenssr.com.br\/wfe\/#\/schema\/person\/5af1caeec831e94e487dd156f72bf1a8\"},\"headline\":\"Promo\u00e7\u00e3o Especial de Dia das M\u00e3es: Um Dia de Rainha para Uma M\u00e3e Incr\u00edvel\",\"datePublished\":\"2025-04-25T13:43:47+00:00\",\"dateModified\":\"2025-05-01T13:56:35+00:00\",\"mainEntityOfPage\":{\"@id\":\"https:\/\/casadasembalagenssr.com.br\/wfe\/dia-das-maes-um-dia-de-rainha\/\"},\"wordCount\":196,\"publisher\":{\"@id\":\"https:\/\/casadasembalagenssr.com.br\/wfe\/#organization\"},\"image\":{\"@id\":\"https:\/\/casadasembalagenssr.com.br\/wfe\/dia-das-maes-um-dia-de-rainha\/#primaryimage\"},\"thumbnailUrl\":\"https:\/\/casadasembalagenssr.com.br\/wfe\/wp-content\/uploads\/2025\/05\/campanhadiadasmaes.webp\",\"articleSection\":[\"BLOG\"],\"inLanguage\":\"pt-BR\"},{\"@type\":\"WebPage\",\"@id\":\"https:\/\/casadasembalagenssr.com.br\/wfe\/dia-das-maes-um-dia-de-rainha\/\",\"url\":\"https:\/\/casadasembalagenssr.com.br\/wfe\/dia-das-maes-um-dia-de-rainha\/\",\"name\":\"Promo\u00e7\u00e3o Especial de Dia das M\u00e3es: Um Dia de Rainha para Uma M\u00e3e Incr\u00edvel - Casa das Embalagens - Presentes &amp; Festas\",\"isPartOf\":{\"@id\":\"https:\/\/casadasembalagenssr.com.br\/wfe\/#website\"},\"primaryImageOfPage\":{\"@id\":\"https:\/\/casadasembalagenssr.com.br\/wfe\/dia-das-maes-um-dia-de-rainha\/#primaryimage\"},\"image\":{\"@id\":\"https:\/\/casadasembalagenssr.com.br\/wfe\/dia-das-maes-um-dia-de-rainha\/#primaryimage\"},\"thumbnailUrl\":\"https:\/\/casadasembalagenssr.com.br\/wfe\/wp-content\/uploads\/2025\/05\/campanhadiadasmaes.webp\",\"datePublished\":\"2025-04-25T13:43:47+00:00\",\"dateModified\":\"2025-05-01T13:56:35+00:00\",\"breadcrumb\":{\"@id\":\"https:\/\/casadasembalagenssr.com.br\/wfe\/dia-das-maes-um-dia-de-rainha\/#breadcrumb\"},\"inLanguage\":\"pt-BR\",\"potentialAction\":[{\"@type\":\"ReadAction\",\"target\":[\"https:\/\/casadasembalagenssr.com.br\/wfe\/dia-das-maes-um-dia-de-rainha\/\"]}]},{\"@type\":\"ImageObject\",\"inLanguage\":\"pt-BR\",\"@id\":\"https:\/\/casadasembalagenssr.com.br\/wfe\/dia-das-maes-um-dia-de-rainha\/#primaryimage\",\"url\":\"https:\/\/casadasembalagenssr.com.br\/wfe\/wp-content\/uploads\/2025\/05\/campanhadiadasmaes.webp\",\"contentUrl\":\"https:\/\/casadasembalagenssr.com.br\/wfe\/wp-content\/uploads\/2025\/05\/campanhadiadasmaes.webp\",\"width\":864,\"height\":1080},{\"@type\":\"BreadcrumbList\",\"@id\":\"https:\/\/casadasembalagenssr.com.br\/wfe\/dia-das-maes-um-dia-de-rainha\/#breadcrumb\",\"itemListElement\":[{\"@type\":\"ListItem\",\"position\":1,\"name\":\"In\u00edcio\",\"item\":\"https:\/\/casadasembalagenssr.com.br\/wfe\/\"},{\"@type\":\"ListItem\",\"position\":2,\"name\":\"Promo\u00e7\u00e3o Especial de Dia das M\u00e3es: Um Dia de Rainha para Uma M\u00e3e Incr\u00edvel\"}]},{\"@type\":\"WebSite\",\"@id\":\"https:\/\/casadasembalagenssr.com.br\/wfe\/#website\",\"url\":\"https:\/\/casadasembalagenssr.com.br\/wfe\/\",\"name\":\"Casa das Embalagens - Presentes e Festas\",\"description\":\"Satisfa\u00e7\u00e3o em Encantar Clientes!\",\"publisher\":{\"@id\":\"https:\/\/casadasembalagenssr.com.br\/wfe\/#organization\"},\"alternateName\":\"Casa das Embalagens\",\"potentialAction\":[{\"@type\":\"SearchAction\",\"target\":{\"@type\":\"EntryPoint\",\"urlTemplate\":\"https:\/\/casadasembalagenssr.com.br\/wfe\/?s={search_term_string}\"},\"query-input\":{\"@type\":\"PropertyValueSpecification\",\"valueRequired\":true,\"valueName\":\"search_term_string\"}}],\"inLanguage\":\"pt-BR\"},{\"@type\":\"Organization\",\"@id\":\"https:\/\/casadasembalagenssr.com.br\/wfe\/#organization\",\"name\":\"Casa das Embalagens - Presentes e Festas\",\"alternateName\":\"Casa das Embalagens\",\"url\":\"https:\/\/casadasembalagenssr.com.br\/wfe\/\",\"logo\":{\"@type\":\"ImageObject\",\"inLanguage\":\"pt-BR\",\"@id\":\"https:\/\/casadasembalagenssr.com.br\/wfe\/#\/schema\/logo\/image\/\",\"url\":\"https:\/\/casadasembalagenssr.com.br\/wfe\/wp-content\/uploads\/2025\/10\/logo-casa-embalagens-santa-rosa.png\",\"contentUrl\":\"https:\/\/casadasembalagenssr.com.br\/wfe\/wp-content\/uploads\/2025\/10\/logo-casa-embalagens-santa-rosa.png\",\"width\":1080,\"height\":1080,\"caption\":\"Casa das Embalagens - Presentes e Festas\"},\"image\":{\"@id\":\"https:\/\/casadasembalagenssr.com.br\/wfe\/#\/schema\/logo\/image\/\"},\"sameAs\":[\"https:\/\/www.facebook.com\/casadasembalagenssr\",\"https:\/\/www.instagram.com\/casadasembalagenssr\/\",\"https:\/\/tiktok.com\/casadasrmbalagenssr1\",\"https:\/\/www.youtube.com\/@casadasembalagenssr\"]},{\"@type\":\"Person\",\"@id\":\"https:\/\/casadasembalagenssr.com.br\/wfe\/#\/schema\/person\/5af1caeec831e94e487dd156f72bf1a8\",\"name\":\"DHB\",\"sameAs\":[\"https:\/\/casadasembalagenssr.com.br\/wfe\"],\"url\":\"https:\/\/casadasembalagenssr.com.br\/wfe\/author\/digitalhelp\/\"}]}<\/script>\n<!-- \/ Yoast SEO plugin. -->","yoast_head_json":{"title":"Promo\u00e7\u00e3o Especial de Dia das M\u00e3es: Um Dia de Rainha para Uma M\u00e3e Incr\u00edvel - Casa das Embalagens - Presentes &amp; Festas","robots":{"index":"index","follow":"follow","max-snippet":"max-snippet:-1","max-image-preview":"max-image-preview:large","max-video-preview":"max-video-preview:-1"},"canonical":"https:\/\/casadasembalagenssr.com.br\/wfe\/dia-das-maes-um-dia-de-rainha\/","og_locale":"pt_BR","og_type":"article","og_title":"Promo\u00e7\u00e3o Especial de Dia das M\u00e3es: Um Dia de Rainha para Uma M\u00e3e Incr\u00edvel - Casa das Embalagens - Presentes &amp; Festas","og_description":"A Casa das Embalagens preparou uma a\u00e7\u00e3o especial para homenagear o amor mais poderoso do mundo: o de m\u00e3e. Nesta data t\u00e3o significativa, queremos retribuir com carinho e proporcionar a uma m\u00e3e um verdadeiro dia de rainha. Como participar?Conte para a gente, em at\u00e9 15 linhas, a hist\u00f3ria da sua m\u00e3e e por que ela...","og_url":"https:\/\/casadasembalagenssr.com.br\/wfe\/dia-das-maes-um-dia-de-rainha\/","og_site_name":"Casa das Embalagens - Presentes &amp; Festas","article_publisher":"https:\/\/www.facebook.com\/casadasembalagenssr","article_published_time":"2025-04-25T13:43:47+00:00","article_modified_time":"2025-05-01T13:56:35+00:00","og_image":[{"width":864,"height":1080,"url":"https:\/\/casadasembalagenssr.com.br\/wfe\/wp-content\/uploads\/2025\/05\/campanhadiadasmaes.webp","type":"image\/webp"}],"author":"DHB","twitter_card":"summary_large_image","twitter_misc":{"Escrito por":"DHB","Est. tempo de leitura":"1 minuto"},"schema":{"@context":"https:\/\/schema.org","@graph":[{"@type":"Article","@id":"https:\/\/casadasembalagenssr.com.br\/wfe\/dia-das-maes-um-dia-de-rainha\/#article","isPartOf":{"@id":"https:\/\/casadasembalagenssr.com.br\/wfe\/dia-das-maes-um-dia-de-rainha\/"},"author":{"name":"DHB","@id":"https:\/\/casadasembalagenssr.com.br\/wfe\/#\/schema\/person\/5af1caeec831e94e487dd156f72bf1a8"},"headline":"Promo\u00e7\u00e3o Especial de Dia das M\u00e3es: Um Dia de Rainha para Uma M\u00e3e Incr\u00edvel","datePublished":"2025-04-25T13:43:47+00:00","dateModified":"2025-05-01T13:56:35+00:00","mainEntityOfPage":{"@id":"https:\/\/casadasembalagenssr.com.br\/wfe\/dia-das-maes-um-dia-de-rainha\/"},"wordCount":196,"publisher":{"@id":"https:\/\/casadasembalagenssr.com.br\/wfe\/#organization"},"image":{"@id":"https:\/\/casadasembalagenssr.com.br\/wfe\/dia-das-maes-um-dia-de-rainha\/#primaryimage"},"thumbnailUrl":"https:\/\/casadasembalagenssr.com.br\/wfe\/wp-content\/uploads\/2025\/05\/campanhadiadasmaes.webp","articleSection":["BLOG"],"inLanguage":"pt-BR"},{"@type":"WebPage","@id":"https:\/\/casadasembalagenssr.com.br\/wfe\/dia-das-maes-um-dia-de-rainha\/","url":"https:\/\/casadasembalagenssr.com.br\/wfe\/dia-das-maes-um-dia-de-rainha\/","name":"Promo\u00e7\u00e3o Especial de Dia das M\u00e3es: Um Dia de Rainha para Uma M\u00e3e Incr\u00edvel - Casa das Embalagens - Presentes &amp; Festas","isPartOf":{"@id":"https:\/\/casadasembalagenssr.com.br\/wfe\/#website"},"primaryImageOfPage":{"@id":"https:\/\/casadasembalagenssr.com.br\/wfe\/dia-das-maes-um-dia-de-rainha\/#primaryimage"},"image":{"@id":"https:\/\/casadasembalagenssr.com.br\/wfe\/dia-das-maes-um-dia-de-rainha\/#primaryimage"},"thumbnailUrl":"https:\/\/casadasembalagenssr.com.br\/wfe\/wp-content\/uploads\/2025\/05\/campanhadiadasmaes.webp","datePublished":"2025-04-25T13:43:47+00:00","dateModified":"2025-05-01T13:56:35+00:00","breadcrumb":{"@id":"https:\/\/casadasembalagenssr.com.br\/wfe\/dia-das-maes-um-dia-de-rainha\/#breadcrumb"},"inLanguage":"pt-BR","potentialAction":[{"@type":"ReadAction","target":["https:\/\/casadasembalagenssr.com.br\/wfe\/dia-das-maes-um-dia-de-rainha\/"]}]},{"@type":"ImageObject","inLanguage":"pt-BR","@id":"https:\/\/casadasembalagenssr.com.br\/wfe\/dia-das-maes-um-dia-de-rainha\/#primaryimage","url":"https:\/\/casadasembalagenssr.com.br\/wfe\/wp-content\/uploads\/2025\/05\/campanhadiadasmaes.webp","contentUrl":"https:\/\/casadasembalagenssr.com.br\/wfe\/wp-content\/uploads\/2025\/05\/campanhadiadasmaes.webp","width":864,"height":1080},{"@type":"BreadcrumbList","@id":"https:\/\/casadasembalagenssr.com.br\/wfe\/dia-das-maes-um-dia-de-rainha\/#breadcrumb","itemListElement":[{"@type":"ListItem","position":1,"name":"In\u00edcio","item":"https:\/\/casadasembalagenssr.com.br\/wfe\/"},{"@type":"ListItem","position":2,"name":"Promo\u00e7\u00e3o Especial de Dia das M\u00e3es: Um Dia de Rainha para Uma M\u00e3e Incr\u00edvel"}]},{"@type":"WebSite","@id":"https:\/\/casadasembalagenssr.com.br\/wfe\/#website","url":"https:\/\/casadasembalagenssr.com.br\/wfe\/","name":"Casa das Embalagens - Presentes e Festas","description":"Satisfa\u00e7\u00e3o em Encantar Clientes!","publisher":{"@id":"https:\/\/casadasembalagenssr.com.br\/wfe\/#organization"},"alternateName":"Casa das Embalagens","potentialAction":[{"@type":"SearchAction","target":{"@type":"EntryPoint","urlTemplate":"https:\/\/casadasembalagenssr.com.br\/wfe\/?s={search_term_string}"},"query-input":{"@type":"PropertyValueSpecification","valueRequired":true,"valueName":"search_term_string"}}],"inLanguage":"pt-BR"},{"@type":"Organization","@id":"https:\/\/casadasembalagenssr.com.br\/wfe\/#organization","name":"Casa das Embalagens - Presentes e Festas","alternateName":"Casa das Embalagens","url":"https:\/\/casadasembalagenssr.com.br\/wfe\/","logo":{"@type":"ImageObject","inLanguage":"pt-BR","@id":"https:\/\/casadasembalagenssr.com.br\/wfe\/#\/schema\/logo\/image\/","url":"https:\/\/casadasembalagenssr.com.br\/wfe\/wp-content\/uploads\/2025\/10\/logo-casa-embalagens-santa-rosa.png","contentUrl":"https:\/\/casadasembalagenssr.com.br\/wfe\/wp-content\/uploads\/2025\/10\/logo-casa-embalagens-santa-rosa.png","width":1080,"height":1080,"caption":"Casa das Embalagens - Presentes e Festas"},"image":{"@id":"https:\/\/casadasembalagenssr.com.br\/wfe\/#\/schema\/logo\/image\/"},"sameAs":["https:\/\/www.facebook.com\/casadasembalagenssr","https:\/\/www.instagram.com\/casadasembalagenssr\/","https:\/\/tiktok.com\/casadasrmbalagenssr1","https:\/\/www.youtube.com\/@casadasembalagenssr"]},{"@type":"Person","@id":"https:\/\/casadasembalagenssr.com.br\/wfe\/#\/schema\/person\/5af1caeec831e94e487dd156f72bf1a8","name":"DHB","sameAs":["https:\/\/casadasembalagenssr.com.br\/wfe"],"url":"https:\/\/casadasembalagenssr.com.br\/wfe\/author\/digitalhelp\/"}]}},"_links":{"self":[{"href":"https:\/\/casadasembalagenssr.com.br\/wfe\/wp-json\/wp\/v2\/posts\/2931","targetHints":{"allow":["GET"]}}],"collection":[{"href":"https:\/\/casadasembalagenssr.com.br\/wfe\/wp-json\/wp\/v2\/posts"}],"about":[{"href":"https:\/\/casadasembalagenssr.com.br\/wfe\/wp-json\/wp\/v2\/types\/post"}],"author":[{"embeddable":true,"href":"https:\/\/casadasembalagenssr.com.br\/wfe\/wp-json\/wp\/v2\/users\/1"}],"replies":[{"embeddable":true,"href":"https:\/\/casadasembalagenssr.com.br\/wfe\/wp-json\/wp\/v2\/comments?post=2931"}],"version-history":[{"count":2,"href":"https:\/\/casadasembalagenssr.com.br\/wfe\/wp-json\/wp\/v2\/posts\/2931\/revisions"}],"predecessor-version":[{"id":2936,"href":"https:\/\/casadasembalagenssr.com.br\/wfe\/wp-json\/wp\/v2\/posts\/2931\/revisions\/2936"}],"wp:featuredmedia":[{"embeddable":true,"href":"https:\/\/casadasembalagenssr.com.br\/wfe\/wp-json\/wp\/v2\/media\/2932"}],"wp:attachment":[{"href":"https:\/\/casadasembalagenssr.com.br\/wfe\/wp-json\/wp\/v2\/media?parent=2931"}],"wp:term":[{"taxonomy":"category","embeddable":true,"href":"https:\/\/casadasembalagenssr.com.br\/wfe\/wp-json\/wp\/v2\/categories?post=2931"},{"taxonomy":"post_tag","embeddable":true,"href":"https:\/\/casadasembalagenssr.com.br\/wfe\/wp-json\/wp\/v2\/tags?post=2931"}],"curies":[{"name":"wp","href":"https:\/\/api.w.org\/{rel}","templated":true}]}}