{"id":3102,"date":"2025-10-03T07:47:48","date_gmt":"2025-10-03T10:47:48","guid":{"rendered":"https:\/\/casadasembalagenssr.com.br\/wfe\/?p=3102"},"modified":"2025-10-03T07:59:50","modified_gmt":"2025-10-03T10:59:50","slug":"21-anos-casa-das-embalagens-santa-rosa","status":"publish","type":"post","link":"https:\/\/casadasembalagenssr.com.br\/wfe\/21-anos-casa-das-embalagens-santa-rosa\/","title":{"rendered":"Casa das Embalagens de Santa Rosa celebra 21 anos com m\u00eas inteiro de comemora\u00e7\u00f5es"},"content":{"rendered":"\n<p class=\"has-normal-font-size\">Setembro um m\u00eas de festa: a <strong>Casa das Embalagens <\/strong>completou <strong>21 anos de hist\u00f3ria<\/strong> e comemorou em grande estilo, com sorteios, novidades, eventos e muita gratid\u00e3o aos clientes que fazem parte dessa trajet\u00f3ria.<\/p>\n\n\n\n<p class=\"has-normal-font-size\">Durante todo o m\u00eas, a loja transformou cada compra em um momento especial, refor\u00e7ando sua posi\u00e7\u00e3o como refer\u00eancia em <strong>embalagens para delivery, doces, confeitarias, presentes, cestas e chocolates<\/strong> na regi\u00e3o.<\/p>\n\n\n\n<hr class=\"wp-block-separator has-alpha-channel-opacity\"\/>\n\n\n\n<h4 class=\"wp-block-heading\">Setembro de anivers\u00e1rio: um m\u00eas recheado de atra\u00e7\u00f5es<\/h4>\n\n\n\n<p class=\"has-normal-font-size\">A campanha de <strong>21 anos da Casa das Embalagens de Santa Rosa<\/strong> trouxe v\u00e1rias a\u00e7\u00f5es especiais que movimentaram a cidade e atra\u00edram clientes de toda a regi\u00e3o:<\/p>\n\n\n\n<ul class=\"wp-block-list\">\n<li class=\"has-normal-font-size\">Sorteios de vales-compras e cestas;<\/li>\n\n\n\n<li class=\"has-normal-font-size\">Roleta Premiada;<\/li>\n\n\n\n<li class=\"has-normal-font-size\">Lan\u00e7amento oficial da mascote digital Casita, que animou as redes sociais.<\/li>\n\n\n\n<li class=\"has-normal-font-size\">Encerramento no dia 27\/09, com algod\u00e3o doce, doces e salgados, divers\u00e3o para toda a fam\u00edlia.<\/li>\n<\/ul>\n\n\n\n<p class=\"has-normal-font-size\">A loja ficou ainda mais colorida e festiva, celebrando n\u00e3o apenas os 21 anos de exist\u00eancia, mas tamb\u00e9m o carinho e a fidelidade de cada cliente que esteve presente ao longo dessa jornada.<\/p>\n\n\n\n<hr class=\"wp-block-separator has-alpha-channel-opacity\"\/>\n\n\n\n<h4 class=\"wp-block-heading\">Olhando para os pr\u00f3ximos anos<\/h4>\n\n\n\n<p class=\"has-normal-font-size\">Com mais de duas d\u00e9cadas de atua\u00e7\u00e3o, a Casa das Embalagens segue inovando e investindo em novidades para oferecer sempre as melhores solu\u00e7\u00f5es em embalagens e presentes. O compromisso da loja \u00e9 continuar crescendo junto com a comunidade de Santa Rosa, trazendo qualidade, variedade e atendimento diferenciado.<\/p>\n\n\n\n<hr class=\"wp-block-separator has-alpha-channel-opacity\"\/>\n\n\n\n<figure class=\"wp-block-gallery has-nested-images columns-7 is-cropped wp-block-gallery-1 is-layout-flex wp-block-gallery-is-layout-flex\">\n<figure data-wp-context=\"{&quot;imageId&quot;:&quot;69f0e000d740a&quot;}\" data-wp-interactive=\"core\/image\" data-wp-key=\"69f0e000d740a\" class=\"wp-block-image size-large wp-lightbox-container\"><img loading=\"lazy\" decoding=\"async\" width=\"472\" height=\"1024\" data-wp-class--hide=\"state.isContentHidden\" data-wp-class--show=\"state.isContentVisible\" data-wp-init=\"callbacks.setButtonStyles\" data-wp-on--click=\"actions.showLightbox\" data-wp-on--load=\"callbacks.setButtonStyles\" data-wp-on-window--resize=\"callbacks.setButtonStyles\" data-id=\"3108\" src=\"https:\/\/casadasembalagenssr.com.br\/wfe\/wp-content\/uploads\/2025\/10\/IMG_20250927_104656-472x1024.jpg\" alt=\"\" class=\"wp-image-3108\" srcset=\"https:\/\/casadasembalagenssr.com.br\/wfe\/wp-content\/uploads\/2025\/10\/IMG_20250927_104656-472x1024.jpg 472w, https:\/\/casadasembalagenssr.com.br\/wfe\/wp-content\/uploads\/2025\/10\/IMG_20250927_104656-138x300.jpg 138w, https:\/\/casadasembalagenssr.com.br\/wfe\/wp-content\/uploads\/2025\/10\/IMG_20250927_104656-768x1666.jpg 768w, https:\/\/casadasembalagenssr.com.br\/wfe\/wp-content\/uploads\/2025\/10\/IMG_20250927_104656-708x1536.jpg 708w, https:\/\/casadasembalagenssr.com.br\/wfe\/wp-content\/uploads\/2025\/10\/IMG_20250927_104656-944x2048.jpg 944w, https:\/\/casadasembalagenssr.com.br\/wfe\/wp-content\/uploads\/2025\/10\/IMG_20250927_104656-500x1085.jpg 500w, https:\/\/casadasembalagenssr.com.br\/wfe\/wp-content\/uploads\/2025\/10\/IMG_20250927_104656-scaled.jpg 1180w\" sizes=\"auto, (max-width: 472px) 100vw, 472px\" \/><button\n\t\t\tclass=\"lightbox-trigger\"\n\t\t\ttype=\"button\"\n\t\t\taria-haspopup=\"dialog\"\n\t\t\taria-label=\"Ampliar\"\n\t\t\tdata-wp-init=\"callbacks.initTriggerButton\"\n\t\t\tdata-wp-on--click=\"actions.showLightbox\"\n\t\t\tdata-wp-style--right=\"state.imageButtonRight\"\n\t\t\tdata-wp-style--top=\"state.imageButtonTop\"\n\t\t>\n\t\t\t<svg xmlns=\"http:\/\/www.w3.org\/2000\/svg\" width=\"12\" height=\"12\" fill=\"none\" viewBox=\"0 0 12 12\">\n\t\t\t\t<path fill=\"#fff\" d=\"M2 0a2 2 0 0 0-2 2v2h1.5V2a.5.5 0 0 1 .5-.5h2V0H2Zm2 10.5H2a.5.5 0 0 1-.5-.5V8H0v2a2 2 0 0 0 2 2h2v-1.5ZM8 12v-1.5h2a.5.5 0 0 0 .5-.5V8H12v2a2 2 0 0 1-2 2H8Zm2-12a2 2 0 0 1 2 2v2h-1.5V2a.5.5 0 0 0-.5-.5H8V0h2Z\" \/>\n\t\t\t<\/svg>\n\t\t<\/button><\/figure>\n\n\n\n<figure data-wp-context=\"{&quot;imageId&quot;:&quot;69f0e000d768b&quot;}\" data-wp-interactive=\"core\/image\" data-wp-key=\"69f0e000d768b\" class=\"wp-block-image size-large wp-lightbox-container\"><img loading=\"lazy\" decoding=\"async\" width=\"472\" height=\"1024\" data-wp-class--hide=\"state.isContentHidden\" data-wp-class--show=\"state.isContentVisible\" data-wp-init=\"callbacks.setButtonStyles\" data-wp-on--click=\"actions.showLightbox\" data-wp-on--load=\"callbacks.setButtonStyles\" data-wp-on-window--resize=\"callbacks.setButtonStyles\" data-id=\"3103\" src=\"https:\/\/casadasembalagenssr.com.br\/wfe\/wp-content\/uploads\/2025\/10\/IMG_20250927_110724-1-472x1024.jpg\" alt=\"\" class=\"wp-image-3103\" srcset=\"https:\/\/casadasembalagenssr.com.br\/wfe\/wp-content\/uploads\/2025\/10\/IMG_20250927_110724-1-472x1024.jpg 472w, https:\/\/casadasembalagenssr.com.br\/wfe\/wp-content\/uploads\/2025\/10\/IMG_20250927_110724-1-138x300.jpg 138w, https:\/\/casadasembalagenssr.com.br\/wfe\/wp-content\/uploads\/2025\/10\/IMG_20250927_110724-1-708x1536.jpg 708w, https:\/\/casadasembalagenssr.com.br\/wfe\/wp-content\/uploads\/2025\/10\/IMG_20250927_110724-1-500x1084.jpg 500w, https:\/\/casadasembalagenssr.com.br\/wfe\/wp-content\/uploads\/2025\/10\/IMG_20250927_110724-1.jpg 719w\" sizes=\"auto, (max-width: 472px) 100vw, 472px\" \/><button\n\t\t\tclass=\"lightbox-trigger\"\n\t\t\ttype=\"button\"\n\t\t\taria-haspopup=\"dialog\"\n\t\t\taria-label=\"Ampliar\"\n\t\t\tdata-wp-init=\"callbacks.initTriggerButton\"\n\t\t\tdata-wp-on--click=\"actions.showLightbox\"\n\t\t\tdata-wp-style--right=\"state.imageButtonRight\"\n\t\t\tdata-wp-style--top=\"state.imageButtonTop\"\n\t\t>\n\t\t\t<svg xmlns=\"http:\/\/www.w3.org\/2000\/svg\" width=\"12\" height=\"12\" fill=\"none\" viewBox=\"0 0 12 12\">\n\t\t\t\t<path fill=\"#fff\" d=\"M2 0a2 2 0 0 0-2 2v2h1.5V2a.5.5 0 0 1 .5-.5h2V0H2Zm2 10.5H2a.5.5 0 0 1-.5-.5V8H0v2a2 2 0 0 0 2 2h2v-1.5ZM8 12v-1.5h2a.5.5 0 0 0 .5-.5V8H12v2a2 2 0 0 1-2 2H8Zm2-12a2 2 0 0 1 2 2v2h-1.5V2a.5.5 0 0 0-.5-.5H8V0h2Z\" \/>\n\t\t\t<\/svg>\n\t\t<\/button><\/figure>\n\n\n\n<figure data-wp-context=\"{&quot;imageId&quot;:&quot;69f0e000d785f&quot;}\" data-wp-interactive=\"core\/image\" data-wp-key=\"69f0e000d785f\" class=\"wp-block-image size-large wp-lightbox-container\"><img loading=\"lazy\" decoding=\"async\" width=\"768\" height=\"1024\" data-wp-class--hide=\"state.isContentHidden\" data-wp-class--show=\"state.isContentVisible\" data-wp-init=\"callbacks.setButtonStyles\" data-wp-on--click=\"actions.showLightbox\" data-wp-on--load=\"callbacks.setButtonStyles\" data-wp-on-window--resize=\"callbacks.setButtonStyles\" data-id=\"3114\" src=\"https:\/\/casadasembalagenssr.com.br\/wfe\/wp-content\/uploads\/2025\/10\/20250927_142035-768x1024.jpg\" alt=\"\" class=\"wp-image-3114\" srcset=\"https:\/\/casadasembalagenssr.com.br\/wfe\/wp-content\/uploads\/2025\/10\/20250927_142035-768x1024.jpg 768w, https:\/\/casadasembalagenssr.com.br\/wfe\/wp-content\/uploads\/2025\/10\/20250927_142035-225x300.jpg 225w, https:\/\/casadasembalagenssr.com.br\/wfe\/wp-content\/uploads\/2025\/10\/20250927_142035-1152x1536.jpg 1152w, https:\/\/casadasembalagenssr.com.br\/wfe\/wp-content\/uploads\/2025\/10\/20250927_142035-1536x2048.jpg 1536w, https:\/\/casadasembalagenssr.com.br\/wfe\/wp-content\/uploads\/2025\/10\/20250927_142035-500x667.jpg 500w, https:\/\/casadasembalagenssr.com.br\/wfe\/wp-content\/uploads\/2025\/10\/20250927_142035-450x600.jpg 450w, https:\/\/casadasembalagenssr.com.br\/wfe\/wp-content\/uploads\/2025\/10\/20250927_142035-scaled.jpg 1920w\" sizes=\"auto, (max-width: 768px) 100vw, 768px\" \/><button\n\t\t\tclass=\"lightbox-trigger\"\n\t\t\ttype=\"button\"\n\t\t\taria-haspopup=\"dialog\"\n\t\t\taria-label=\"Ampliar\"\n\t\t\tdata-wp-init=\"callbacks.initTriggerButton\"\n\t\t\tdata-wp-on--click=\"actions.showLightbox\"\n\t\t\tdata-wp-style--right=\"state.imageButtonRight\"\n\t\t\tdata-wp-style--top=\"state.imageButtonTop\"\n\t\t>\n\t\t\t<svg xmlns=\"http:\/\/www.w3.org\/2000\/svg\" width=\"12\" height=\"12\" fill=\"none\" viewBox=\"0 0 12 12\">\n\t\t\t\t<path fill=\"#fff\" d=\"M2 0a2 2 0 0 0-2 2v2h1.5V2a.5.5 0 0 1 .5-.5h2V0H2Zm2 10.5H2a.5.5 0 0 1-.5-.5V8H0v2a2 2 0 0 0 2 2h2v-1.5ZM8 12v-1.5h2a.5.5 0 0 0 .5-.5V8H12v2a2 2 0 0 1-2 2H8Zm2-12a2 2 0 0 1 2 2v2h-1.5V2a.5.5 0 0 0-.5-.5H8V0h2Z\" \/>\n\t\t\t<\/svg>\n\t\t<\/button><\/figure>\n\n\n\n<figure data-wp-context=\"{&quot;imageId&quot;:&quot;69f0e000d7a1c&quot;}\" data-wp-interactive=\"core\/image\" data-wp-key=\"69f0e000d7a1c\" class=\"wp-block-image size-large wp-lightbox-container\"><img loading=\"lazy\" decoding=\"async\" width=\"768\" height=\"1024\" data-wp-class--hide=\"state.isContentHidden\" data-wp-class--show=\"state.isContentVisible\" data-wp-init=\"callbacks.setButtonStyles\" data-wp-on--click=\"actions.showLightbox\" data-wp-on--load=\"callbacks.setButtonStyles\" data-wp-on-window--resize=\"callbacks.setButtonStyles\" data-id=\"3112\" src=\"https:\/\/casadasembalagenssr.com.br\/wfe\/wp-content\/uploads\/2025\/10\/20250927_142144-768x1024.jpg\" alt=\"\" class=\"wp-image-3112\" srcset=\"https:\/\/casadasembalagenssr.com.br\/wfe\/wp-content\/uploads\/2025\/10\/20250927_142144-768x1024.jpg 768w, https:\/\/casadasembalagenssr.com.br\/wfe\/wp-content\/uploads\/2025\/10\/20250927_142144-225x300.jpg 225w, https:\/\/casadasembalagenssr.com.br\/wfe\/wp-content\/uploads\/2025\/10\/20250927_142144-1152x1536.jpg 1152w, https:\/\/casadasembalagenssr.com.br\/wfe\/wp-content\/uploads\/2025\/10\/20250927_142144-1536x2048.jpg 1536w, https:\/\/casadasembalagenssr.com.br\/wfe\/wp-content\/uploads\/2025\/10\/20250927_142144-500x667.jpg 500w, https:\/\/casadasembalagenssr.com.br\/wfe\/wp-content\/uploads\/2025\/10\/20250927_142144-450x600.jpg 450w, https:\/\/casadasembalagenssr.com.br\/wfe\/wp-content\/uploads\/2025\/10\/20250927_142144-scaled.jpg 1920w\" sizes=\"auto, (max-width: 768px) 100vw, 768px\" \/><button\n\t\t\tclass=\"lightbox-trigger\"\n\t\t\ttype=\"button\"\n\t\t\taria-haspopup=\"dialog\"\n\t\t\taria-label=\"Ampliar\"\n\t\t\tdata-wp-init=\"callbacks.initTriggerButton\"\n\t\t\tdata-wp-on--click=\"actions.showLightbox\"\n\t\t\tdata-wp-style--right=\"state.imageButtonRight\"\n\t\t\tdata-wp-style--top=\"state.imageButtonTop\"\n\t\t>\n\t\t\t<svg xmlns=\"http:\/\/www.w3.org\/2000\/svg\" width=\"12\" height=\"12\" fill=\"none\" viewBox=\"0 0 12 12\">\n\t\t\t\t<path fill=\"#fff\" d=\"M2 0a2 2 0 0 0-2 2v2h1.5V2a.5.5 0 0 1 .5-.5h2V0H2Zm2 10.5H2a.5.5 0 0 1-.5-.5V8H0v2a2 2 0 0 0 2 2h2v-1.5ZM8 12v-1.5h2a.5.5 0 0 0 .5-.5V8H12v2a2 2 0 0 1-2 2H8Zm2-12a2 2 0 0 1 2 2v2h-1.5V2a.5.5 0 0 0-.5-.5H8V0h2Z\" \/>\n\t\t\t<\/svg>\n\t\t<\/button><\/figure>\n\n\n\n<figure data-wp-context=\"{&quot;imageId&quot;:&quot;69f0e000d7bb2&quot;}\" data-wp-interactive=\"core\/image\" data-wp-key=\"69f0e000d7bb2\" class=\"wp-block-image size-large wp-lightbox-container\"><img loading=\"lazy\" decoding=\"async\" width=\"768\" height=\"1024\" data-wp-class--hide=\"state.isContentHidden\" data-wp-class--show=\"state.isContentVisible\" data-wp-init=\"callbacks.setButtonStyles\" data-wp-on--click=\"actions.showLightbox\" data-wp-on--load=\"callbacks.setButtonStyles\" data-wp-on-window--resize=\"callbacks.setButtonStyles\" data-id=\"3116\" src=\"https:\/\/casadasembalagenssr.com.br\/wfe\/wp-content\/uploads\/2025\/10\/20250929_170715-768x1024.jpg\" alt=\"\" class=\"wp-image-3116\" srcset=\"https:\/\/casadasembalagenssr.com.br\/wfe\/wp-content\/uploads\/2025\/10\/20250929_170715-768x1024.jpg 768w, https:\/\/casadasembalagenssr.com.br\/wfe\/wp-content\/uploads\/2025\/10\/20250929_170715-225x300.jpg 225w, https:\/\/casadasembalagenssr.com.br\/wfe\/wp-content\/uploads\/2025\/10\/20250929_170715-1152x1536.jpg 1152w, https:\/\/casadasembalagenssr.com.br\/wfe\/wp-content\/uploads\/2025\/10\/20250929_170715-1536x2048.jpg 1536w, https:\/\/casadasembalagenssr.com.br\/wfe\/wp-content\/uploads\/2025\/10\/20250929_170715-500x667.jpg 500w, https:\/\/casadasembalagenssr.com.br\/wfe\/wp-content\/uploads\/2025\/10\/20250929_170715-450x600.jpg 450w, https:\/\/casadasembalagenssr.com.br\/wfe\/wp-content\/uploads\/2025\/10\/20250929_170715-scaled.jpg 1920w\" sizes=\"auto, (max-width: 768px) 100vw, 768px\" \/><button\n\t\t\tclass=\"lightbox-trigger\"\n\t\t\ttype=\"button\"\n\t\t\taria-haspopup=\"dialog\"\n\t\t\taria-label=\"Ampliar\"\n\t\t\tdata-wp-init=\"callbacks.initTriggerButton\"\n\t\t\tdata-wp-on--click=\"actions.showLightbox\"\n\t\t\tdata-wp-style--right=\"state.imageButtonRight\"\n\t\t\tdata-wp-style--top=\"state.imageButtonTop\"\n\t\t>\n\t\t\t<svg xmlns=\"http:\/\/www.w3.org\/2000\/svg\" width=\"12\" height=\"12\" fill=\"none\" viewBox=\"0 0 12 12\">\n\t\t\t\t<path fill=\"#fff\" d=\"M2 0a2 2 0 0 0-2 2v2h1.5V2a.5.5 0 0 1 .5-.5h2V0H2Zm2 10.5H2a.5.5 0 0 1-.5-.5V8H0v2a2 2 0 0 0 2 2h2v-1.5ZM8 12v-1.5h2a.5.5 0 0 0 .5-.5V8H12v2a2 2 0 0 1-2 2H8Zm2-12a2 2 0 0 1 2 2v2h-1.5V2a.5.5 0 0 0-.5-.5H8V0h2Z\" \/>\n\t\t\t<\/svg>\n\t\t<\/button><\/figure>\n\n\n\n<figure data-wp-context=\"{&quot;imageId&quot;:&quot;69f0e000d7d44&quot;}\" data-wp-interactive=\"core\/image\" data-wp-key=\"69f0e000d7d44\" class=\"wp-block-image size-large wp-lightbox-container\"><img loading=\"lazy\" decoding=\"async\" width=\"768\" height=\"1024\" data-wp-class--hide=\"state.isContentHidden\" data-wp-class--show=\"state.isContentVisible\" data-wp-init=\"callbacks.setButtonStyles\" data-wp-on--click=\"actions.showLightbox\" data-wp-on--load=\"callbacks.setButtonStyles\" data-wp-on-window--resize=\"callbacks.setButtonStyles\" data-id=\"3113\" src=\"https:\/\/casadasembalagenssr.com.br\/wfe\/wp-content\/uploads\/2025\/10\/20251002_154031-768x1024.jpg\" alt=\"\" class=\"wp-image-3113\" srcset=\"https:\/\/casadasembalagenssr.com.br\/wfe\/wp-content\/uploads\/2025\/10\/20251002_154031-768x1024.jpg 768w, https:\/\/casadasembalagenssr.com.br\/wfe\/wp-content\/uploads\/2025\/10\/20251002_154031-225x300.jpg 225w, https:\/\/casadasembalagenssr.com.br\/wfe\/wp-content\/uploads\/2025\/10\/20251002_154031-1152x1536.jpg 1152w, https:\/\/casadasembalagenssr.com.br\/wfe\/wp-content\/uploads\/2025\/10\/20251002_154031-1536x2048.jpg 1536w, https:\/\/casadasembalagenssr.com.br\/wfe\/wp-content\/uploads\/2025\/10\/20251002_154031-500x667.jpg 500w, https:\/\/casadasembalagenssr.com.br\/wfe\/wp-content\/uploads\/2025\/10\/20251002_154031-450x600.jpg 450w, https:\/\/casadasembalagenssr.com.br\/wfe\/wp-content\/uploads\/2025\/10\/20251002_154031-scaled.jpg 1920w\" sizes=\"auto, (max-width: 768px) 100vw, 768px\" \/><button\n\t\t\tclass=\"lightbox-trigger\"\n\t\t\ttype=\"button\"\n\t\t\taria-haspopup=\"dialog\"\n\t\t\taria-label=\"Ampliar\"\n\t\t\tdata-wp-init=\"callbacks.initTriggerButton\"\n\t\t\tdata-wp-on--click=\"actions.showLightbox\"\n\t\t\tdata-wp-style--right=\"state.imageButtonRight\"\n\t\t\tdata-wp-style--top=\"state.imageButtonTop\"\n\t\t>\n\t\t\t<svg xmlns=\"http:\/\/www.w3.org\/2000\/svg\" width=\"12\" height=\"12\" fill=\"none\" viewBox=\"0 0 12 12\">\n\t\t\t\t<path fill=\"#fff\" d=\"M2 0a2 2 0 0 0-2 2v2h1.5V2a.5.5 0 0 1 .5-.5h2V0H2Zm2 10.5H2a.5.5 0 0 1-.5-.5V8H0v2a2 2 0 0 0 2 2h2v-1.5ZM8 12v-1.5h2a.5.5 0 0 0 .5-.5V8H12v2a2 2 0 0 1-2 2H8Zm2-12a2 2 0 0 1 2 2v2h-1.5V2a.5.5 0 0 0-.5-.5H8V0h2Z\" \/>\n\t\t\t<\/svg>\n\t\t<\/button><\/figure>\n\n\n\n<figure data-wp-context=\"{&quot;imageId&quot;:&quot;69f0e000d7ec4&quot;}\" data-wp-interactive=\"core\/image\" data-wp-key=\"69f0e000d7ec4\" class=\"wp-block-image size-large wp-lightbox-container\"><img loading=\"lazy\" decoding=\"async\" width=\"472\" height=\"1024\" data-wp-class--hide=\"state.isContentHidden\" data-wp-class--show=\"state.isContentVisible\" data-wp-init=\"callbacks.setButtonStyles\" data-wp-on--click=\"actions.showLightbox\" data-wp-on--load=\"callbacks.setButtonStyles\" data-wp-on-window--resize=\"callbacks.setButtonStyles\" data-id=\"3111\" src=\"https:\/\/casadasembalagenssr.com.br\/wfe\/wp-content\/uploads\/2025\/10\/IMG_20250927_121522-472x1024.jpg\" alt=\"\" class=\"wp-image-3111\" srcset=\"https:\/\/casadasembalagenssr.com.br\/wfe\/wp-content\/uploads\/2025\/10\/IMG_20250927_121522-472x1024.jpg 472w, https:\/\/casadasembalagenssr.com.br\/wfe\/wp-content\/uploads\/2025\/10\/IMG_20250927_121522-138x300.jpg 138w, https:\/\/casadasembalagenssr.com.br\/wfe\/wp-content\/uploads\/2025\/10\/IMG_20250927_121522-768x1666.jpg 768w, https:\/\/casadasembalagenssr.com.br\/wfe\/wp-content\/uploads\/2025\/10\/IMG_20250927_121522-708x1536.jpg 708w, https:\/\/casadasembalagenssr.com.br\/wfe\/wp-content\/uploads\/2025\/10\/IMG_20250927_121522-944x2048.jpg 944w, https:\/\/casadasembalagenssr.com.br\/wfe\/wp-content\/uploads\/2025\/10\/IMG_20250927_121522-500x1085.jpg 500w, https:\/\/casadasembalagenssr.com.br\/wfe\/wp-content\/uploads\/2025\/10\/IMG_20250927_121522-scaled.jpg 1180w\" sizes=\"auto, (max-width: 472px) 100vw, 472px\" \/><button\n\t\t\tclass=\"lightbox-trigger\"\n\t\t\ttype=\"button\"\n\t\t\taria-haspopup=\"dialog\"\n\t\t\taria-label=\"Ampliar\"\n\t\t\tdata-wp-init=\"callbacks.initTriggerButton\"\n\t\t\tdata-wp-on--click=\"actions.showLightbox\"\n\t\t\tdata-wp-style--right=\"state.imageButtonRight\"\n\t\t\tdata-wp-style--top=\"state.imageButtonTop\"\n\t\t>\n\t\t\t<svg xmlns=\"http:\/\/www.w3.org\/2000\/svg\" width=\"12\" height=\"12\" fill=\"none\" viewBox=\"0 0 12 12\">\n\t\t\t\t<path fill=\"#fff\" d=\"M2 0a2 2 0 0 0-2 2v2h1.5V2a.5.5 0 0 1 .5-.5h2V0H2Zm2 10.5H2a.5.5 0 0 1-.5-.5V8H0v2a2 2 0 0 0 2 2h2v-1.5ZM8 12v-1.5h2a.5.5 0 0 0 .5-.5V8H12v2a2 2 0 0 1-2 2H8Zm2-12a2 2 0 0 1 2 2v2h-1.5V2a.5.5 0 0 0-.5-.5H8V0h2Z\" \/>\n\t\t\t<\/svg>\n\t\t<\/button><\/figure>\n\n\n\n<figure data-wp-context=\"{&quot;imageId&quot;:&quot;69f0e000d803b&quot;}\" data-wp-interactive=\"core\/image\" data-wp-key=\"69f0e000d803b\" class=\"wp-block-image size-large wp-lightbox-container\"><img loading=\"lazy\" decoding=\"async\" width=\"472\" height=\"1024\" data-wp-class--hide=\"state.isContentHidden\" data-wp-class--show=\"state.isContentVisible\" data-wp-init=\"callbacks.setButtonStyles\" data-wp-on--click=\"actions.showLightbox\" data-wp-on--load=\"callbacks.setButtonStyles\" data-wp-on-window--resize=\"callbacks.setButtonStyles\" data-id=\"3105\" src=\"https:\/\/casadasembalagenssr.com.br\/wfe\/wp-content\/uploads\/2025\/10\/IMG_20250927_111637-1-472x1024.jpg\" alt=\"\" class=\"wp-image-3105\" srcset=\"https:\/\/casadasembalagenssr.com.br\/wfe\/wp-content\/uploads\/2025\/10\/IMG_20250927_111637-1-472x1024.jpg 472w, https:\/\/casadasembalagenssr.com.br\/wfe\/wp-content\/uploads\/2025\/10\/IMG_20250927_111637-1-138x300.jpg 138w, https:\/\/casadasembalagenssr.com.br\/wfe\/wp-content\/uploads\/2025\/10\/IMG_20250927_111637-1-768x1666.jpg 768w, https:\/\/casadasembalagenssr.com.br\/wfe\/wp-content\/uploads\/2025\/10\/IMG_20250927_111637-1-708x1536.jpg 708w, https:\/\/casadasembalagenssr.com.br\/wfe\/wp-content\/uploads\/2025\/10\/IMG_20250927_111637-1-944x2048.jpg 944w, https:\/\/casadasembalagenssr.com.br\/wfe\/wp-content\/uploads\/2025\/10\/IMG_20250927_111637-1-500x1085.jpg 500w, https:\/\/casadasembalagenssr.com.br\/wfe\/wp-content\/uploads\/2025\/10\/IMG_20250927_111637-1-scaled.jpg 1180w\" sizes=\"auto, (max-width: 472px) 100vw, 472px\" \/><button\n\t\t\tclass=\"lightbox-trigger\"\n\t\t\ttype=\"button\"\n\t\t\taria-haspopup=\"dialog\"\n\t\t\taria-label=\"Ampliar\"\n\t\t\tdata-wp-init=\"callbacks.initTriggerButton\"\n\t\t\tdata-wp-on--click=\"actions.showLightbox\"\n\t\t\tdata-wp-style--right=\"state.imageButtonRight\"\n\t\t\tdata-wp-style--top=\"state.imageButtonTop\"\n\t\t>\n\t\t\t<svg xmlns=\"http:\/\/www.w3.org\/2000\/svg\" width=\"12\" height=\"12\" fill=\"none\" viewBox=\"0 0 12 12\">\n\t\t\t\t<path fill=\"#fff\" d=\"M2 0a2 2 0 0 0-2 2v2h1.5V2a.5.5 0 0 1 .5-.5h2V0H2Zm2 10.5H2a.5.5 0 0 1-.5-.5V8H0v2a2 2 0 0 0 2 2h2v-1.5ZM8 12v-1.5h2a.5.5 0 0 0 .5-.5V8H12v2a2 2 0 0 1-2 2H8Zm2-12a2 2 0 0 1 2 2v2h-1.5V2a.5.5 0 0 0-.5-.5H8V0h2Z\" \/>\n\t\t\t<\/svg>\n\t\t<\/button><\/figure>\n\n\n\n<figure data-wp-context=\"{&quot;imageId&quot;:&quot;69f0e000d81ba&quot;}\" data-wp-interactive=\"core\/image\" data-wp-key=\"69f0e000d81ba\" class=\"wp-block-image size-large wp-lightbox-container\"><img loading=\"lazy\" decoding=\"async\" width=\"472\" height=\"1024\" data-wp-class--hide=\"state.isContentHidden\" data-wp-class--show=\"state.isContentVisible\" data-wp-init=\"callbacks.setButtonStyles\" data-wp-on--click=\"actions.showLightbox\" data-wp-on--load=\"callbacks.setButtonStyles\" data-wp-on-window--resize=\"callbacks.setButtonStyles\" data-id=\"3104\" src=\"https:\/\/casadasembalagenssr.com.br\/wfe\/wp-content\/uploads\/2025\/10\/IMG_20250927_102033-472x1024.jpg\" alt=\"\" class=\"wp-image-3104\" srcset=\"https:\/\/casadasembalagenssr.com.br\/wfe\/wp-content\/uploads\/2025\/10\/IMG_20250927_102033-472x1024.jpg 472w, https:\/\/casadasembalagenssr.com.br\/wfe\/wp-content\/uploads\/2025\/10\/IMG_20250927_102033-138x300.jpg 138w, https:\/\/casadasembalagenssr.com.br\/wfe\/wp-content\/uploads\/2025\/10\/IMG_20250927_102033-768x1666.jpg 768w, https:\/\/casadasembalagenssr.com.br\/wfe\/wp-content\/uploads\/2025\/10\/IMG_20250927_102033-708x1536.jpg 708w, https:\/\/casadasembalagenssr.com.br\/wfe\/wp-content\/uploads\/2025\/10\/IMG_20250927_102033-944x2048.jpg 944w, https:\/\/casadasembalagenssr.com.br\/wfe\/wp-content\/uploads\/2025\/10\/IMG_20250927_102033-500x1085.jpg 500w, https:\/\/casadasembalagenssr.com.br\/wfe\/wp-content\/uploads\/2025\/10\/IMG_20250927_102033-scaled.jpg 1180w\" sizes=\"auto, (max-width: 472px) 100vw, 472px\" \/><button\n\t\t\tclass=\"lightbox-trigger\"\n\t\t\ttype=\"button\"\n\t\t\taria-haspopup=\"dialog\"\n\t\t\taria-label=\"Ampliar\"\n\t\t\tdata-wp-init=\"callbacks.initTriggerButton\"\n\t\t\tdata-wp-on--click=\"actions.showLightbox\"\n\t\t\tdata-wp-style--right=\"state.imageButtonRight\"\n\t\t\tdata-wp-style--top=\"state.imageButtonTop\"\n\t\t>\n\t\t\t<svg xmlns=\"http:\/\/www.w3.org\/2000\/svg\" width=\"12\" height=\"12\" fill=\"none\" viewBox=\"0 0 12 12\">\n\t\t\t\t<path fill=\"#fff\" d=\"M2 0a2 2 0 0 0-2 2v2h1.5V2a.5.5 0 0 1 .5-.5h2V0H2Zm2 10.5H2a.5.5 0 0 1-.5-.5V8H0v2a2 2 0 0 0 2 2h2v-1.5ZM8 12v-1.5h2a.5.5 0 0 0 .5-.5V8H12v2a2 2 0 0 1-2 2H8Zm2-12a2 2 0 0 1 2 2v2h-1.5V2a.5.5 0 0 0-.5-.5H8V0h2Z\" \/>\n\t\t\t<\/svg>\n\t\t<\/button><\/figure>\n\n\n\n<figure data-wp-context=\"{&quot;imageId&quot;:&quot;69f0e000d8340&quot;}\" data-wp-interactive=\"core\/image\" data-wp-key=\"69f0e000d8340\" class=\"wp-block-image size-large wp-lightbox-container\"><img loading=\"lazy\" decoding=\"async\" width=\"472\" height=\"1024\" data-wp-class--hide=\"state.isContentHidden\" data-wp-class--show=\"state.isContentVisible\" data-wp-init=\"callbacks.setButtonStyles\" data-wp-on--click=\"actions.showLightbox\" data-wp-on--load=\"callbacks.setButtonStyles\" data-wp-on-window--resize=\"callbacks.setButtonStyles\" data-id=\"3106\" src=\"https:\/\/casadasembalagenssr.com.br\/wfe\/wp-content\/uploads\/2025\/10\/IMG_20250927_102231-472x1024.jpg\" alt=\"\" class=\"wp-image-3106\" srcset=\"https:\/\/casadasembalagenssr.com.br\/wfe\/wp-content\/uploads\/2025\/10\/IMG_20250927_102231-472x1024.jpg 472w, https:\/\/casadasembalagenssr.com.br\/wfe\/wp-content\/uploads\/2025\/10\/IMG_20250927_102231-138x300.jpg 138w, https:\/\/casadasembalagenssr.com.br\/wfe\/wp-content\/uploads\/2025\/10\/IMG_20250927_102231-768x1666.jpg 768w, https:\/\/casadasembalagenssr.com.br\/wfe\/wp-content\/uploads\/2025\/10\/IMG_20250927_102231-708x1536.jpg 708w, https:\/\/casadasembalagenssr.com.br\/wfe\/wp-content\/uploads\/2025\/10\/IMG_20250927_102231-944x2048.jpg 944w, https:\/\/casadasembalagenssr.com.br\/wfe\/wp-content\/uploads\/2025\/10\/IMG_20250927_102231-500x1085.jpg 500w, https:\/\/casadasembalagenssr.com.br\/wfe\/wp-content\/uploads\/2025\/10\/IMG_20250927_102231-scaled.jpg 1180w\" sizes=\"auto, (max-width: 472px) 100vw, 472px\" \/><button\n\t\t\tclass=\"lightbox-trigger\"\n\t\t\ttype=\"button\"\n\t\t\taria-haspopup=\"dialog\"\n\t\t\taria-label=\"Ampliar\"\n\t\t\tdata-wp-init=\"callbacks.initTriggerButton\"\n\t\t\tdata-wp-on--click=\"actions.showLightbox\"\n\t\t\tdata-wp-style--right=\"state.imageButtonRight\"\n\t\t\tdata-wp-style--top=\"state.imageButtonTop\"\n\t\t>\n\t\t\t<svg xmlns=\"http:\/\/www.w3.org\/2000\/svg\" width=\"12\" height=\"12\" fill=\"none\" viewBox=\"0 0 12 12\">\n\t\t\t\t<path fill=\"#fff\" d=\"M2 0a2 2 0 0 0-2 2v2h1.5V2a.5.5 0 0 1 .5-.5h2V0H2Zm2 10.5H2a.5.5 0 0 1-.5-.5V8H0v2a2 2 0 0 0 2 2h2v-1.5ZM8 12v-1.5h2a.5.5 0 0 0 .5-.5V8H12v2a2 2 0 0 1-2 2H8Zm2-12a2 2 0 0 1 2 2v2h-1.5V2a.5.5 0 0 0-.5-.5H8V0h2Z\" \/>\n\t\t\t<\/svg>\n\t\t<\/button><\/figure>\n\n\n\n<figure data-wp-context=\"{&quot;imageId&quot;:&quot;69f0e000d84c7&quot;}\" data-wp-interactive=\"core\/image\" data-wp-key=\"69f0e000d84c7\" class=\"wp-block-image size-large wp-lightbox-container\"><img loading=\"lazy\" decoding=\"async\" width=\"472\" height=\"1024\" data-wp-class--hide=\"state.isContentHidden\" data-wp-class--show=\"state.isContentVisible\" data-wp-init=\"callbacks.setButtonStyles\" data-wp-on--click=\"actions.showLightbox\" data-wp-on--load=\"callbacks.setButtonStyles\" data-wp-on-window--resize=\"callbacks.setButtonStyles\" data-id=\"3109\" src=\"https:\/\/casadasembalagenssr.com.br\/wfe\/wp-content\/uploads\/2025\/10\/IMG_20250927_102240-472x1024.jpg\" alt=\"\" class=\"wp-image-3109\" srcset=\"https:\/\/casadasembalagenssr.com.br\/wfe\/wp-content\/uploads\/2025\/10\/IMG_20250927_102240-472x1024.jpg 472w, https:\/\/casadasembalagenssr.com.br\/wfe\/wp-content\/uploads\/2025\/10\/IMG_20250927_102240-138x300.jpg 138w, https:\/\/casadasembalagenssr.com.br\/wfe\/wp-content\/uploads\/2025\/10\/IMG_20250927_102240-768x1666.jpg 768w, https:\/\/casadasembalagenssr.com.br\/wfe\/wp-content\/uploads\/2025\/10\/IMG_20250927_102240-708x1536.jpg 708w, https:\/\/casadasembalagenssr.com.br\/wfe\/wp-content\/uploads\/2025\/10\/IMG_20250927_102240-944x2048.jpg 944w, https:\/\/casadasembalagenssr.com.br\/wfe\/wp-content\/uploads\/2025\/10\/IMG_20250927_102240-500x1085.jpg 500w, https:\/\/casadasembalagenssr.com.br\/wfe\/wp-content\/uploads\/2025\/10\/IMG_20250927_102240-scaled.jpg 1180w\" sizes=\"auto, (max-width: 472px) 100vw, 472px\" \/><button\n\t\t\tclass=\"lightbox-trigger\"\n\t\t\ttype=\"button\"\n\t\t\taria-haspopup=\"dialog\"\n\t\t\taria-label=\"Ampliar\"\n\t\t\tdata-wp-init=\"callbacks.initTriggerButton\"\n\t\t\tdata-wp-on--click=\"actions.showLightbox\"\n\t\t\tdata-wp-style--right=\"state.imageButtonRight\"\n\t\t\tdata-wp-style--top=\"state.imageButtonTop\"\n\t\t>\n\t\t\t<svg xmlns=\"http:\/\/www.w3.org\/2000\/svg\" width=\"12\" height=\"12\" fill=\"none\" viewBox=\"0 0 12 12\">\n\t\t\t\t<path fill=\"#fff\" d=\"M2 0a2 2 0 0 0-2 2v2h1.5V2a.5.5 0 0 1 .5-.5h2V0H2Zm2 10.5H2a.5.5 0 0 1-.5-.5V8H0v2a2 2 0 0 0 2 2h2v-1.5ZM8 12v-1.5h2a.5.5 0 0 0 .5-.5V8H12v2a2 2 0 0 1-2 2H8Zm2-12a2 2 0 0 1 2 2v2h-1.5V2a.5.5 0 0 0-.5-.5H8V0h2Z\" \/>\n\t\t\t<\/svg>\n\t\t<\/button><\/figure>\n\n\n\n<figure data-wp-context=\"{&quot;imageId&quot;:&quot;69f0e000d863a&quot;}\" data-wp-interactive=\"core\/image\" data-wp-key=\"69f0e000d863a\" class=\"wp-block-image size-large wp-lightbox-container\"><img loading=\"lazy\" decoding=\"async\" width=\"472\" height=\"1024\" data-wp-class--hide=\"state.isContentHidden\" data-wp-class--show=\"state.isContentVisible\" data-wp-init=\"callbacks.setButtonStyles\" data-wp-on--click=\"actions.showLightbox\" data-wp-on--load=\"callbacks.setButtonStyles\" data-wp-on-window--resize=\"callbacks.setButtonStyles\" data-id=\"3110\" src=\"https:\/\/casadasembalagenssr.com.br\/wfe\/wp-content\/uploads\/2025\/10\/IMG_20250927_103204-472x1024.jpg\" alt=\"\" class=\"wp-image-3110\" srcset=\"https:\/\/casadasembalagenssr.com.br\/wfe\/wp-content\/uploads\/2025\/10\/IMG_20250927_103204-472x1024.jpg 472w, https:\/\/casadasembalagenssr.com.br\/wfe\/wp-content\/uploads\/2025\/10\/IMG_20250927_103204-138x300.jpg 138w, https:\/\/casadasembalagenssr.com.br\/wfe\/wp-content\/uploads\/2025\/10\/IMG_20250927_103204-768x1666.jpg 768w, https:\/\/casadasembalagenssr.com.br\/wfe\/wp-content\/uploads\/2025\/10\/IMG_20250927_103204-708x1536.jpg 708w, https:\/\/casadasembalagenssr.com.br\/wfe\/wp-content\/uploads\/2025\/10\/IMG_20250927_103204-944x2048.jpg 944w, https:\/\/casadasembalagenssr.com.br\/wfe\/wp-content\/uploads\/2025\/10\/IMG_20250927_103204-500x1085.jpg 500w, https:\/\/casadasembalagenssr.com.br\/wfe\/wp-content\/uploads\/2025\/10\/IMG_20250927_103204-scaled.jpg 1180w\" sizes=\"auto, (max-width: 472px) 100vw, 472px\" \/><button\n\t\t\tclass=\"lightbox-trigger\"\n\t\t\ttype=\"button\"\n\t\t\taria-haspopup=\"dialog\"\n\t\t\taria-label=\"Ampliar\"\n\t\t\tdata-wp-init=\"callbacks.initTriggerButton\"\n\t\t\tdata-wp-on--click=\"actions.showLightbox\"\n\t\t\tdata-wp-style--right=\"state.imageButtonRight\"\n\t\t\tdata-wp-style--top=\"state.imageButtonTop\"\n\t\t>\n\t\t\t<svg xmlns=\"http:\/\/www.w3.org\/2000\/svg\" width=\"12\" height=\"12\" fill=\"none\" viewBox=\"0 0 12 12\">\n\t\t\t\t<path fill=\"#fff\" d=\"M2 0a2 2 0 0 0-2 2v2h1.5V2a.5.5 0 0 1 .5-.5h2V0H2Zm2 10.5H2a.5.5 0 0 1-.5-.5V8H0v2a2 2 0 0 0 2 2h2v-1.5ZM8 12v-1.5h2a.5.5 0 0 0 .5-.5V8H12v2a2 2 0 0 1-2 2H8Zm2-12a2 2 0 0 1 2 2v2h-1.5V2a.5.5 0 0 0-.5-.5H8V0h2Z\" \/>\n\t\t\t<\/svg>\n\t\t<\/button><\/figure>\n\n\n\n<figure data-wp-context=\"{&quot;imageId&quot;:&quot;69f0e000d87a5&quot;}\" data-wp-interactive=\"core\/image\" data-wp-key=\"69f0e000d87a5\" class=\"wp-block-image size-large wp-lightbox-container\"><img loading=\"lazy\" decoding=\"async\" width=\"472\" height=\"1024\" data-wp-class--hide=\"state.isContentHidden\" data-wp-class--show=\"state.isContentVisible\" data-wp-init=\"callbacks.setButtonStyles\" data-wp-on--click=\"actions.showLightbox\" data-wp-on--load=\"callbacks.setButtonStyles\" data-wp-on-window--resize=\"callbacks.setButtonStyles\" data-id=\"3107\" src=\"https:\/\/casadasembalagenssr.com.br\/wfe\/wp-content\/uploads\/2025\/10\/IMG_20250927_110558-1-472x1024.jpg\" alt=\"\" class=\"wp-image-3107\" srcset=\"https:\/\/casadasembalagenssr.com.br\/wfe\/wp-content\/uploads\/2025\/10\/IMG_20250927_110558-1-472x1024.jpg 472w, https:\/\/casadasembalagenssr.com.br\/wfe\/wp-content\/uploads\/2025\/10\/IMG_20250927_110558-1-138x300.jpg 138w, https:\/\/casadasembalagenssr.com.br\/wfe\/wp-content\/uploads\/2025\/10\/IMG_20250927_110558-1-768x1666.jpg 768w, https:\/\/casadasembalagenssr.com.br\/wfe\/wp-content\/uploads\/2025\/10\/IMG_20250927_110558-1-708x1536.jpg 708w, https:\/\/casadasembalagenssr.com.br\/wfe\/wp-content\/uploads\/2025\/10\/IMG_20250927_110558-1-944x2048.jpg 944w, https:\/\/casadasembalagenssr.com.br\/wfe\/wp-content\/uploads\/2025\/10\/IMG_20250927_110558-1-500x1085.jpg 500w, https:\/\/casadasembalagenssr.com.br\/wfe\/wp-content\/uploads\/2025\/10\/IMG_20250927_110558-1-scaled.jpg 1180w\" sizes=\"auto, (max-width: 472px) 100vw, 472px\" \/><button\n\t\t\tclass=\"lightbox-trigger\"\n\t\t\ttype=\"button\"\n\t\t\taria-haspopup=\"dialog\"\n\t\t\taria-label=\"Ampliar\"\n\t\t\tdata-wp-init=\"callbacks.initTriggerButton\"\n\t\t\tdata-wp-on--click=\"actions.showLightbox\"\n\t\t\tdata-wp-style--right=\"state.imageButtonRight\"\n\t\t\tdata-wp-style--top=\"state.imageButtonTop\"\n\t\t>\n\t\t\t<svg xmlns=\"http:\/\/www.w3.org\/2000\/svg\" width=\"12\" height=\"12\" fill=\"none\" viewBox=\"0 0 12 12\">\n\t\t\t\t<path fill=\"#fff\" d=\"M2 0a2 2 0 0 0-2 2v2h1.5V2a.5.5 0 0 1 .5-.5h2V0H2Zm2 10.5H2a.5.5 0 0 1-.5-.5V8H0v2a2 2 0 0 0 2 2h2v-1.5ZM8 12v-1.5h2a.5.5 0 0 0 .5-.5V8H12v2a2 2 0 0 1-2 2H8Zm2-12a2 2 0 0 1 2 2v2h-1.5V2a.5.5 0 0 0-.5-.5H8V0h2Z\" \/>\n\t\t\t<\/svg>\n\t\t<\/button><\/figure>\n\n\n\n<figure data-wp-context=\"{&quot;imageId&quot;:&quot;69f0e000d8938&quot;}\" data-wp-interactive=\"core\/image\" data-wp-key=\"69f0e000d8938\" class=\"wp-block-image size-large wp-lightbox-container\"><img loading=\"lazy\" decoding=\"async\" width=\"768\" height=\"1024\" data-wp-class--hide=\"state.isContentHidden\" data-wp-class--show=\"state.isContentVisible\" data-wp-init=\"callbacks.setButtonStyles\" data-wp-on--click=\"actions.showLightbox\" data-wp-on--load=\"callbacks.setButtonStyles\" data-wp-on-window--resize=\"callbacks.setButtonStyles\" data-id=\"3115\" src=\"https:\/\/casadasembalagenssr.com.br\/wfe\/wp-content\/uploads\/2025\/10\/20250919_095951-768x1024.jpg\" alt=\"\" class=\"wp-image-3115\" srcset=\"https:\/\/casadasembalagenssr.com.br\/wfe\/wp-content\/uploads\/2025\/10\/20250919_095951-768x1024.jpg 768w, https:\/\/casadasembalagenssr.com.br\/wfe\/wp-content\/uploads\/2025\/10\/20250919_095951-225x300.jpg 225w, https:\/\/casadasembalagenssr.com.br\/wfe\/wp-content\/uploads\/2025\/10\/20250919_095951-1152x1536.jpg 1152w, https:\/\/casadasembalagenssr.com.br\/wfe\/wp-content\/uploads\/2025\/10\/20250919_095951-1536x2048.jpg 1536w, https:\/\/casadasembalagenssr.com.br\/wfe\/wp-content\/uploads\/2025\/10\/20250919_095951-500x667.jpg 500w, https:\/\/casadasembalagenssr.com.br\/wfe\/wp-content\/uploads\/2025\/10\/20250919_095951-450x600.jpg 450w, https:\/\/casadasembalagenssr.com.br\/wfe\/wp-content\/uploads\/2025\/10\/20250919_095951-scaled.jpg 1920w\" sizes=\"auto, (max-width: 768px) 100vw, 768px\" \/><button\n\t\t\tclass=\"lightbox-trigger\"\n\t\t\ttype=\"button\"\n\t\t\taria-haspopup=\"dialog\"\n\t\t\taria-label=\"Ampliar\"\n\t\t\tdata-wp-init=\"callbacks.initTriggerButton\"\n\t\t\tdata-wp-on--click=\"actions.showLightbox\"\n\t\t\tdata-wp-style--right=\"state.imageButtonRight\"\n\t\t\tdata-wp-style--top=\"state.imageButtonTop\"\n\t\t>\n\t\t\t<svg xmlns=\"http:\/\/www.w3.org\/2000\/svg\" width=\"12\" height=\"12\" fill=\"none\" viewBox=\"0 0 12 12\">\n\t\t\t\t<path fill=\"#fff\" d=\"M2 0a2 2 0 0 0-2 2v2h1.5V2a.5.5 0 0 1 .5-.5h2V0H2Zm2 10.5H2a.5.5 0 0 1-.5-.5V8H0v2a2 2 0 0 0 2 2h2v-1.5ZM8 12v-1.5h2a.5.5 0 0 0 .5-.5V8H12v2a2 2 0 0 1-2 2H8Zm2-12a2 2 0 0 1 2 2v2h-1.5V2a.5.5 0 0 0-.5-.5H8V0h2Z\" \/>\n\t\t\t<\/svg>\n\t\t<\/button><\/figure>\n<\/figure>\n","protected":false},"excerpt":{"rendered":"<p>Setembro um m\u00eas de festa: a Casa das Embalagens completou 21 anos de hist\u00f3ria e comemorou em grande estilo, com sorteios, novidades, eventos e muita gratid\u00e3o aos clientes que fazem parte dessa trajet\u00f3ria. Durante todo o m\u00eas, a loja transformou cada compra em um momento especial, refor\u00e7ando sua posi\u00e7\u00e3o como refer\u00eancia em embalagens para delivery,&#8230;<\/p>\n","protected":false},"author":1,"featured_media":3119,"comment_status":"closed","ping_status":"closed","sticky":false,"template":"","format":"standard","meta":{"_eb_attr":"","footnotes":""},"categories":[158],"tags":[332,333,331,334,72],"class_list":["post-3102","post","type-post","status-publish","format-standard","has-post-thumbnail","hentry","category-blog","tag-21-anos-casa-das-embalagens","tag-aniversario-casa-das-embalagens","tag-casa-das-embalagens-de-santa-rosa","tag-loja-de-embalagens-em-santa-rosa","tag-santa-rosa"],"yoast_head":"<!-- This site is optimized with the Yoast SEO plugin v27.2 - https:\/\/yoast.com\/product\/yoast-seo-wordpress\/ -->\n<title>Casa das Embalagens de Santa Rosa celebra 21 anos com m\u00eas inteiro de comemora\u00e7\u00f5es - Casa das Embalagens - Presentes &amp; Festas<\/title>\n<meta name=\"description\" content=\"A Casa das Embalagens celebrou 21 anos em setembro com um m\u00eas inteiro de festa. Sorteios, mascote digital e um grande evento.\" \/>\n<meta name=\"robots\" content=\"index, follow, max-snippet:-1, max-image-preview:large, max-video-preview:-1\" \/>\n<link rel=\"canonical\" href=\"https:\/\/casadasembalagenssr.com.br\/wfe\/21-anos-casa-das-embalagens-santa-rosa\/\" \/>\n<meta property=\"og:locale\" content=\"pt_BR\" \/>\n<meta property=\"og:type\" content=\"article\" \/>\n<meta property=\"og:title\" content=\"Casa das Embalagens de Santa Rosa celebra 21 anos com m\u00eas inteiro de comemora\u00e7\u00f5es - Casa das Embalagens - Presentes &amp; Festas\" \/>\n<meta property=\"og:description\" content=\"A Casa das Embalagens celebrou 21 anos em setembro com um m\u00eas inteiro de festa. Sorteios, mascote digital e um grande evento.\" \/>\n<meta property=\"og:url\" content=\"https:\/\/casadasembalagenssr.com.br\/wfe\/21-anos-casa-das-embalagens-santa-rosa\/\" \/>\n<meta property=\"og:site_name\" content=\"Casa das Embalagens - Presentes &amp; Festas\" \/>\n<meta property=\"article:publisher\" content=\"https:\/\/www.facebook.com\/casadasembalagenssr\" \/>\n<meta property=\"article:published_time\" content=\"2025-10-03T10:47:48+00:00\" \/>\n<meta property=\"article:modified_time\" content=\"2025-10-03T10:59:50+00:00\" \/>\n<meta property=\"og:image\" content=\"https:\/\/casadasembalagenssr.com.br\/wfe\/wp-content\/uploads\/2025\/10\/20250925_084319-scaled-e1759488571144.jpg\" \/>\n\t<meta property=\"og:image:width\" content=\"1920\" \/>\n\t<meta property=\"og:image:height\" content=\"1545\" \/>\n\t<meta property=\"og:image:type\" content=\"image\/jpeg\" \/>\n<meta name=\"author\" content=\"DHB\" \/>\n<meta name=\"twitter:card\" content=\"summary_large_image\" \/>\n<meta name=\"twitter:label1\" content=\"Escrito por\" \/>\n\t<meta name=\"twitter:data1\" content=\"DHB\" \/>\n\t<meta name=\"twitter:label2\" content=\"Est. tempo de leitura\" \/>\n\t<meta name=\"twitter:data2\" content=\"5 minutos\" \/>\n<script type=\"application\/ld+json\" class=\"yoast-schema-graph\">{\"@context\":\"https:\/\/schema.org\",\"@graph\":[{\"@type\":\"Article\",\"@id\":\"https:\/\/casadasembalagenssr.com.br\/wfe\/21-anos-casa-das-embalagens-santa-rosa\/#article\",\"isPartOf\":{\"@id\":\"https:\/\/casadasembalagenssr.com.br\/wfe\/21-anos-casa-das-embalagens-santa-rosa\/\"},\"author\":{\"name\":\"DHB\",\"@id\":\"https:\/\/casadasembalagenssr.com.br\/wfe\/#\/schema\/person\/5af1caeec831e94e487dd156f72bf1a8\"},\"headline\":\"Casa das Embalagens de Santa Rosa celebra 21 anos com m\u00eas inteiro de comemora\u00e7\u00f5es\",\"datePublished\":\"2025-10-03T10:47:48+00:00\",\"dateModified\":\"2025-10-03T10:59:50+00:00\",\"mainEntityOfPage\":{\"@id\":\"https:\/\/casadasembalagenssr.com.br\/wfe\/21-anos-casa-das-embalagens-santa-rosa\/\"},\"wordCount\":253,\"publisher\":{\"@id\":\"https:\/\/casadasembalagenssr.com.br\/wfe\/#organization\"},\"image\":{\"@id\":\"https:\/\/casadasembalagenssr.com.br\/wfe\/21-anos-casa-das-embalagens-santa-rosa\/#primaryimage\"},\"thumbnailUrl\":\"https:\/\/casadasembalagenssr.com.br\/wfe\/wp-content\/uploads\/2025\/10\/20250925_084319-scaled-e1759488571144.jpg\",\"keywords\":[\"21 anos Casa das Embalagens\",\"Anivers\u00e1rio Casa das Embalagens\",\"Casa das Embalagens de Santa Rosa\",\"Loja de embalagens em Santa Rosa\",\"santa rosa\"],\"articleSection\":[\"BLOG\"],\"inLanguage\":\"pt-BR\"},{\"@type\":\"WebPage\",\"@id\":\"https:\/\/casadasembalagenssr.com.br\/wfe\/21-anos-casa-das-embalagens-santa-rosa\/\",\"url\":\"https:\/\/casadasembalagenssr.com.br\/wfe\/21-anos-casa-das-embalagens-santa-rosa\/\",\"name\":\"Casa das Embalagens de Santa Rosa celebra 21 anos com m\u00eas inteiro de comemora\u00e7\u00f5es - Casa das Embalagens - Presentes &amp; Festas\",\"isPartOf\":{\"@id\":\"https:\/\/casadasembalagenssr.com.br\/wfe\/#website\"},\"primaryImageOfPage\":{\"@id\":\"https:\/\/casadasembalagenssr.com.br\/wfe\/21-anos-casa-das-embalagens-santa-rosa\/#primaryimage\"},\"image\":{\"@id\":\"https:\/\/casadasembalagenssr.com.br\/wfe\/21-anos-casa-das-embalagens-santa-rosa\/#primaryimage\"},\"thumbnailUrl\":\"https:\/\/casadasembalagenssr.com.br\/wfe\/wp-content\/uploads\/2025\/10\/20250925_084319-scaled-e1759488571144.jpg\",\"datePublished\":\"2025-10-03T10:47:48+00:00\",\"dateModified\":\"2025-10-03T10:59:50+00:00\",\"description\":\"A Casa das Embalagens celebrou 21 anos em setembro com um m\u00eas inteiro de festa. Sorteios, mascote digital e um grande evento.\",\"breadcrumb\":{\"@id\":\"https:\/\/casadasembalagenssr.com.br\/wfe\/21-anos-casa-das-embalagens-santa-rosa\/#breadcrumb\"},\"inLanguage\":\"pt-BR\",\"potentialAction\":[{\"@type\":\"ReadAction\",\"target\":[\"https:\/\/casadasembalagenssr.com.br\/wfe\/21-anos-casa-das-embalagens-santa-rosa\/\"]}]},{\"@type\":\"ImageObject\",\"inLanguage\":\"pt-BR\",\"@id\":\"https:\/\/casadasembalagenssr.com.br\/wfe\/21-anos-casa-das-embalagens-santa-rosa\/#primaryimage\",\"url\":\"https:\/\/casadasembalagenssr.com.br\/wfe\/wp-content\/uploads\/2025\/10\/20250925_084319-scaled-e1759488571144.jpg\",\"contentUrl\":\"https:\/\/casadasembalagenssr.com.br\/wfe\/wp-content\/uploads\/2025\/10\/20250925_084319-scaled-e1759488571144.jpg\",\"width\":1920,\"height\":1545},{\"@type\":\"BreadcrumbList\",\"@id\":\"https:\/\/casadasembalagenssr.com.br\/wfe\/21-anos-casa-das-embalagens-santa-rosa\/#breadcrumb\",\"itemListElement\":[{\"@type\":\"ListItem\",\"position\":1,\"name\":\"In\u00edcio\",\"item\":\"https:\/\/casadasembalagenssr.com.br\/wfe\/\"},{\"@type\":\"ListItem\",\"position\":2,\"name\":\"Casa das Embalagens de Santa Rosa celebra 21 anos com m\u00eas inteiro de comemora\u00e7\u00f5es\"}]},{\"@type\":\"WebSite\",\"@id\":\"https:\/\/casadasembalagenssr.com.br\/wfe\/#website\",\"url\":\"https:\/\/casadasembalagenssr.com.br\/wfe\/\",\"name\":\"Casa das Embalagens - Presentes e Festas\",\"description\":\"Satisfa\u00e7\u00e3o em Encantar Clientes!\",\"publisher\":{\"@id\":\"https:\/\/casadasembalagenssr.com.br\/wfe\/#organization\"},\"alternateName\":\"Casa das Embalagens\",\"potentialAction\":[{\"@type\":\"SearchAction\",\"target\":{\"@type\":\"EntryPoint\",\"urlTemplate\":\"https:\/\/casadasembalagenssr.com.br\/wfe\/?s={search_term_string}\"},\"query-input\":{\"@type\":\"PropertyValueSpecification\",\"valueRequired\":true,\"valueName\":\"search_term_string\"}}],\"inLanguage\":\"pt-BR\"},{\"@type\":\"Organization\",\"@id\":\"https:\/\/casadasembalagenssr.com.br\/wfe\/#organization\",\"name\":\"Casa das Embalagens - Presentes e Festas\",\"alternateName\":\"Casa das Embalagens\",\"url\":\"https:\/\/casadasembalagenssr.com.br\/wfe\/\",\"logo\":{\"@type\":\"ImageObject\",\"inLanguage\":\"pt-BR\",\"@id\":\"https:\/\/casadasembalagenssr.com.br\/wfe\/#\/schema\/logo\/image\/\",\"url\":\"https:\/\/casadasembalagenssr.com.br\/wfe\/wp-content\/uploads\/2025\/10\/logo-casa-embalagens-santa-rosa.png\",\"contentUrl\":\"https:\/\/casadasembalagenssr.com.br\/wfe\/wp-content\/uploads\/2025\/10\/logo-casa-embalagens-santa-rosa.png\",\"width\":1080,\"height\":1080,\"caption\":\"Casa das Embalagens - Presentes e Festas\"},\"image\":{\"@id\":\"https:\/\/casadasembalagenssr.com.br\/wfe\/#\/schema\/logo\/image\/\"},\"sameAs\":[\"https:\/\/www.facebook.com\/casadasembalagenssr\",\"https:\/\/www.instagram.com\/casadasembalagenssr\/\",\"https:\/\/tiktok.com\/casadasrmbalagenssr1\",\"https:\/\/www.youtube.com\/@casadasembalagenssr\"]},{\"@type\":\"Person\",\"@id\":\"https:\/\/casadasembalagenssr.com.br\/wfe\/#\/schema\/person\/5af1caeec831e94e487dd156f72bf1a8\",\"name\":\"DHB\",\"sameAs\":[\"https:\/\/casadasembalagenssr.com.br\/wfe\"],\"url\":\"https:\/\/casadasembalagenssr.com.br\/wfe\/author\/digitalhelp\/\"}]}<\/script>\n<!-- \/ Yoast SEO plugin. -->","yoast_head_json":{"title":"Casa das Embalagens de Santa Rosa celebra 21 anos com m\u00eas inteiro de comemora\u00e7\u00f5es - Casa das Embalagens - Presentes &amp; Festas","description":"A Casa das Embalagens celebrou 21 anos em setembro com um m\u00eas inteiro de festa. Sorteios, mascote digital e um grande evento.","robots":{"index":"index","follow":"follow","max-snippet":"max-snippet:-1","max-image-preview":"max-image-preview:large","max-video-preview":"max-video-preview:-1"},"canonical":"https:\/\/casadasembalagenssr.com.br\/wfe\/21-anos-casa-das-embalagens-santa-rosa\/","og_locale":"pt_BR","og_type":"article","og_title":"Casa das Embalagens de Santa Rosa celebra 21 anos com m\u00eas inteiro de comemora\u00e7\u00f5es - Casa das Embalagens - Presentes &amp; Festas","og_description":"A Casa das Embalagens celebrou 21 anos em setembro com um m\u00eas inteiro de festa. Sorteios, mascote digital e um grande evento.","og_url":"https:\/\/casadasembalagenssr.com.br\/wfe\/21-anos-casa-das-embalagens-santa-rosa\/","og_site_name":"Casa das Embalagens - Presentes &amp; Festas","article_publisher":"https:\/\/www.facebook.com\/casadasembalagenssr","article_published_time":"2025-10-03T10:47:48+00:00","article_modified_time":"2025-10-03T10:59:50+00:00","og_image":[{"width":1920,"height":1545,"url":"https:\/\/casadasembalagenssr.com.br\/wfe\/wp-content\/uploads\/2025\/10\/20250925_084319-scaled-e1759488571144.jpg","type":"image\/jpeg"}],"author":"DHB","twitter_card":"summary_large_image","twitter_misc":{"Escrito por":"DHB","Est. tempo de leitura":"5 minutos"},"schema":{"@context":"https:\/\/schema.org","@graph":[{"@type":"Article","@id":"https:\/\/casadasembalagenssr.com.br\/wfe\/21-anos-casa-das-embalagens-santa-rosa\/#article","isPartOf":{"@id":"https:\/\/casadasembalagenssr.com.br\/wfe\/21-anos-casa-das-embalagens-santa-rosa\/"},"author":{"name":"DHB","@id":"https:\/\/casadasembalagenssr.com.br\/wfe\/#\/schema\/person\/5af1caeec831e94e487dd156f72bf1a8"},"headline":"Casa das Embalagens de Santa Rosa celebra 21 anos com m\u00eas inteiro de comemora\u00e7\u00f5es","datePublished":"2025-10-03T10:47:48+00:00","dateModified":"2025-10-03T10:59:50+00:00","mainEntityOfPage":{"@id":"https:\/\/casadasembalagenssr.com.br\/wfe\/21-anos-casa-das-embalagens-santa-rosa\/"},"wordCount":253,"publisher":{"@id":"https:\/\/casadasembalagenssr.com.br\/wfe\/#organization"},"image":{"@id":"https:\/\/casadasembalagenssr.com.br\/wfe\/21-anos-casa-das-embalagens-santa-rosa\/#primaryimage"},"thumbnailUrl":"https:\/\/casadasembalagenssr.com.br\/wfe\/wp-content\/uploads\/2025\/10\/20250925_084319-scaled-e1759488571144.jpg","keywords":["21 anos Casa das Embalagens","Anivers\u00e1rio Casa das Embalagens","Casa das Embalagens de Santa Rosa","Loja de embalagens em Santa Rosa","santa rosa"],"articleSection":["BLOG"],"inLanguage":"pt-BR"},{"@type":"WebPage","@id":"https:\/\/casadasembalagenssr.com.br\/wfe\/21-anos-casa-das-embalagens-santa-rosa\/","url":"https:\/\/casadasembalagenssr.com.br\/wfe\/21-anos-casa-das-embalagens-santa-rosa\/","name":"Casa das Embalagens de Santa Rosa celebra 21 anos com m\u00eas inteiro de comemora\u00e7\u00f5es - Casa das Embalagens - Presentes &amp; Festas","isPartOf":{"@id":"https:\/\/casadasembalagenssr.com.br\/wfe\/#website"},"primaryImageOfPage":{"@id":"https:\/\/casadasembalagenssr.com.br\/wfe\/21-anos-casa-das-embalagens-santa-rosa\/#primaryimage"},"image":{"@id":"https:\/\/casadasembalagenssr.com.br\/wfe\/21-anos-casa-das-embalagens-santa-rosa\/#primaryimage"},"thumbnailUrl":"https:\/\/casadasembalagenssr.com.br\/wfe\/wp-content\/uploads\/2025\/10\/20250925_084319-scaled-e1759488571144.jpg","datePublished":"2025-10-03T10:47:48+00:00","dateModified":"2025-10-03T10:59:50+00:00","description":"A Casa das Embalagens celebrou 21 anos em setembro com um m\u00eas inteiro de festa. Sorteios, mascote digital e um grande evento.","breadcrumb":{"@id":"https:\/\/casadasembalagenssr.com.br\/wfe\/21-anos-casa-das-embalagens-santa-rosa\/#breadcrumb"},"inLanguage":"pt-BR","potentialAction":[{"@type":"ReadAction","target":["https:\/\/casadasembalagenssr.com.br\/wfe\/21-anos-casa-das-embalagens-santa-rosa\/"]}]},{"@type":"ImageObject","inLanguage":"pt-BR","@id":"https:\/\/casadasembalagenssr.com.br\/wfe\/21-anos-casa-das-embalagens-santa-rosa\/#primaryimage","url":"https:\/\/casadasembalagenssr.com.br\/wfe\/wp-content\/uploads\/2025\/10\/20250925_084319-scaled-e1759488571144.jpg","contentUrl":"https:\/\/casadasembalagenssr.com.br\/wfe\/wp-content\/uploads\/2025\/10\/20250925_084319-scaled-e1759488571144.jpg","width":1920,"height":1545},{"@type":"BreadcrumbList","@id":"https:\/\/casadasembalagenssr.com.br\/wfe\/21-anos-casa-das-embalagens-santa-rosa\/#breadcrumb","itemListElement":[{"@type":"ListItem","position":1,"name":"In\u00edcio","item":"https:\/\/casadasembalagenssr.com.br\/wfe\/"},{"@type":"ListItem","position":2,"name":"Casa das Embalagens de Santa Rosa celebra 21 anos com m\u00eas inteiro de comemora\u00e7\u00f5es"}]},{"@type":"WebSite","@id":"https:\/\/casadasembalagenssr.com.br\/wfe\/#website","url":"https:\/\/casadasembalagenssr.com.br\/wfe\/","name":"Casa das Embalagens - Presentes e Festas","description":"Satisfa\u00e7\u00e3o em Encantar Clientes!","publisher":{"@id":"https:\/\/casadasembalagenssr.com.br\/wfe\/#organization"},"alternateName":"Casa das Embalagens","potentialAction":[{"@type":"SearchAction","target":{"@type":"EntryPoint","urlTemplate":"https:\/\/casadasembalagenssr.com.br\/wfe\/?s={search_term_string}"},"query-input":{"@type":"PropertyValueSpecification","valueRequired":true,"valueName":"search_term_string"}}],"inLanguage":"pt-BR"},{"@type":"Organization","@id":"https:\/\/casadasembalagenssr.com.br\/wfe\/#organization","name":"Casa das Embalagens - Presentes e Festas","alternateName":"Casa das Embalagens","url":"https:\/\/casadasembalagenssr.com.br\/wfe\/","logo":{"@type":"ImageObject","inLanguage":"pt-BR","@id":"https:\/\/casadasembalagenssr.com.br\/wfe\/#\/schema\/logo\/image\/","url":"https:\/\/casadasembalagenssr.com.br\/wfe\/wp-content\/uploads\/2025\/10\/logo-casa-embalagens-santa-rosa.png","contentUrl":"https:\/\/casadasembalagenssr.com.br\/wfe\/wp-content\/uploads\/2025\/10\/logo-casa-embalagens-santa-rosa.png","width":1080,"height":1080,"caption":"Casa das Embalagens - Presentes e Festas"},"image":{"@id":"https:\/\/casadasembalagenssr.com.br\/wfe\/#\/schema\/logo\/image\/"},"sameAs":["https:\/\/www.facebook.com\/casadasembalagenssr","https:\/\/www.instagram.com\/casadasembalagenssr\/","https:\/\/tiktok.com\/casadasrmbalagenssr1","https:\/\/www.youtube.com\/@casadasembalagenssr"]},{"@type":"Person","@id":"https:\/\/casadasembalagenssr.com.br\/wfe\/#\/schema\/person\/5af1caeec831e94e487dd156f72bf1a8","name":"DHB","sameAs":["https:\/\/casadasembalagenssr.com.br\/wfe"],"url":"https:\/\/casadasembalagenssr.com.br\/wfe\/author\/digitalhelp\/"}]}},"_links":{"self":[{"href":"https:\/\/casadasembalagenssr.com.br\/wfe\/wp-json\/wp\/v2\/posts\/3102","targetHints":{"allow":["GET"]}}],"collection":[{"href":"https:\/\/casadasembalagenssr.com.br\/wfe\/wp-json\/wp\/v2\/posts"}],"about":[{"href":"https:\/\/casadasembalagenssr.com.br\/wfe\/wp-json\/wp\/v2\/types\/post"}],"author":[{"embeddable":true,"href":"https:\/\/casadasembalagenssr.com.br\/wfe\/wp-json\/wp\/v2\/users\/1"}],"replies":[{"embeddable":true,"href":"https:\/\/casadasembalagenssr.com.br\/wfe\/wp-json\/wp\/v2\/comments?post=3102"}],"version-history":[{"count":1,"href":"https:\/\/casadasembalagenssr.com.br\/wfe\/wp-json\/wp\/v2\/posts\/3102\/revisions"}],"predecessor-version":[{"id":3118,"href":"https:\/\/casadasembalagenssr.com.br\/wfe\/wp-json\/wp\/v2\/posts\/3102\/revisions\/3118"}],"wp:featuredmedia":[{"embeddable":true,"href":"https:\/\/casadasembalagenssr.com.br\/wfe\/wp-json\/wp\/v2\/media\/3119"}],"wp:attachment":[{"href":"https:\/\/casadasembalagenssr.com.br\/wfe\/wp-json\/wp\/v2\/media?parent=3102"}],"wp:term":[{"taxonomy":"category","embeddable":true,"href":"https:\/\/casadasembalagenssr.com.br\/wfe\/wp-json\/wp\/v2\/categories?post=3102"},{"taxonomy":"post_tag","embeddable":true,"href":"https:\/\/casadasembalagenssr.com.br\/wfe\/wp-json\/wp\/v2\/tags?post=3102"}],"curies":[{"name":"wp","href":"https:\/\/api.w.org\/{rel}","templated":true}]}}