{"id":3234,"date":"2025-11-27T16:28:23","date_gmt":"2025-11-27T19:28:23","guid":{"rendered":"https:\/\/casadasembalagenssr.com.br\/wfe\/?p=3234"},"modified":"2025-11-27T16:50:36","modified_gmt":"2025-11-27T19:50:36","slug":"casa-das-embalagens-lanca-campanha-natal-solidario-da-casita","status":"publish","type":"post","link":"https:\/\/casadasembalagenssr.com.br\/wfe\/casa-das-embalagens-lanca-campanha-natal-solidario-da-casita\/","title":{"rendered":"Casa das Embalagens lan\u00e7a campanha \u201cNatal Solid\u00e1rio da Casita\u201d com sorteios e doa\u00e7\u00f5es"},"content":{"rendered":"\n<p>A <strong>Casa das Embalagens Presentes e Festas<\/strong>, tradicional no setor de presentes e embalagens em <strong>Santa Rosa\/RS<\/strong>, anunciou oficialmente o lan\u00e7amento da campanha <strong>Natal Solid\u00e1rio da Casita 2025<\/strong>. A a\u00e7\u00e3o une premia\u00e7\u00e3o aos clientes e solidariedade, beneficiando institui\u00e7\u00f5es locais que fazem diferen\u00e7a na comunidade.<\/p>\n\n\n\n<p>A campanha ser\u00e1 realizada entre <strong>01 e 24 de dezembro<\/strong> d<strong>e 2025 <\/strong>e promete movimentar a loja durante o per\u00edodo natalino. Acima de <strong>R$ 50,00 em compras<\/strong>, os clientes recebem <strong>1 cupom<\/strong> para participar do sorteio de <strong>vales-compras<\/strong> nos valores de R$150, R$250, R$350 e R$500.<\/p>\n\n\n\n<figure class=\"wp-block-image alignleft size-large is-resized\"><img loading=\"lazy\" decoding=\"async\" width=\"819\" height=\"1024\" src=\"https:\/\/casadasembalagenssr.com.br\/wfe\/wp-content\/uploads\/2025\/11\/natal-solidario-casita-2025-819x1024.png\" alt=\"\" class=\"wp-image-3235\" style=\"width:456px;height:auto\" srcset=\"https:\/\/casadasembalagenssr.com.br\/wfe\/wp-content\/uploads\/2025\/11\/natal-solidario-casita-2025-819x1024.png 819w, https:\/\/casadasembalagenssr.com.br\/wfe\/wp-content\/uploads\/2025\/11\/natal-solidario-casita-2025-240x300.png 240w, https:\/\/casadasembalagenssr.com.br\/wfe\/wp-content\/uploads\/2025\/11\/natal-solidario-casita-2025-768x960.png 768w, https:\/\/casadasembalagenssr.com.br\/wfe\/wp-content\/uploads\/2025\/11\/natal-solidario-casita-2025-500x625.png 500w, https:\/\/casadasembalagenssr.com.br\/wfe\/wp-content\/uploads\/2025\/11\/natal-solidario-casita-2025.png 1080w\" sizes=\"auto, (max-width: 819px) 100vw, 819px\" \/><\/figure>\n\n\n\n<h4 class=\"wp-block-heading\"><strong>Pr\u00eamios para os clientes<\/strong><\/h4>\n\n\n\n<p>A promo\u00e7\u00e3o contar\u00e1 com sete ganhadores:<\/p>\n\n\n\n<ul class=\"wp-block-list\">\n<li><strong>2 vales de R$150<\/strong><\/li>\n\n\n\n<li><strong>2 vales de R$250<\/strong><\/li>\n\n\n\n<li><strong>2 vales de R$350<\/strong><\/li>\n\n\n\n<li><strong>1 vale de R$500<\/strong><\/li>\n<\/ul>\n\n\n\n<p>Os pr\u00eamios ser\u00e3o v\u00e1lidos exclusivamente para compras na Casa das Embalagens at\u00e9 <strong>30\/01\/2026<\/strong>.<\/p>\n\n\n\n<h4 class=\"wp-block-heading\"><strong>A\u00e7\u00e3o solid\u00e1ria que multiplica impacto<\/strong><\/h4>\n\n\n\n<p>O grande diferencial do <strong>Natal Solid\u00e1rio da Casita<\/strong> \u00e9 que, al\u00e9m de concorrer, o cliente tamb\u00e9m escolhe uma institui\u00e7\u00e3o para receber uma doa\u00e7\u00e3o.<\/p>\n\n\n\n<p>No cupom, os participantes poder\u00e3o indicar uma das seguintes entidades:<\/p>\n\n\n\n<ul class=\"wp-block-list\">\n<li><strong>Abefra<\/strong><\/li>\n\n\n\n<li><strong>Apromes<\/strong><\/li>\n\n\n\n<li><strong>Espa\u00e7o Feliz<\/strong><\/li>\n<\/ul>\n\n\n\n<p>A institui\u00e7\u00e3o marcada receber\u00e1 <strong>o mesmo valor do pr\u00eamio sorteado<\/strong>, convertido em compras dentro da loja. Ou seja: se o cliente ganha, a institui\u00e7\u00e3o tamb\u00e9m ganha.<\/p>\n\n\n\n<h4 class=\"wp-block-heading\"><strong>Quando ser\u00e1 o sorteio<\/strong><\/h4>\n\n\n\n<p>O sorteio dos vales-compras ser\u00e1 realizado no dia <strong>24 de dezembro de 2025<\/strong>, \u00e0s 12h, diretamente na loja. O evento ser\u00e1 aberto ao p\u00fablico e pode ser acompanhado presencialmente.<\/p>\n\n\n\n<h4 class=\"wp-block-heading\"><strong>Natal que enche o carrinho e o cora\u00e7\u00e3o<\/strong><\/h4>\n\n\n\n<p>Segundo a equipe da Casa das Embalagens Presentes e Festas, o objetivo \u00e9 refor\u00e7ar o esp\u00edrito natalino na cidade, incentivando o consumo local e fortalecendo projetos sociais que atuam o ano inteiro.<\/p>\n\n\n\n<p>A campanha busca envolver toda a comunidade, oferecendo pr\u00eamios atrativos e ampliando o impacto por meio das doa\u00e7\u00f5es.<\/p>\n\n\n\n<hr class=\"wp-block-separator has-alpha-channel-opacity\"\/>\n\n\n\n<h4 class=\"wp-block-heading\"><strong>Como participar<\/strong><\/h4>\n\n\n\n<ul class=\"wp-block-list\">\n<li>Fa\u00e7a compras a partir de <strong>R$ 50,00<\/strong> na loja.<\/li>\n\n\n\n<li>Preencha o cupom com seus dados e escolha da institui\u00e7\u00e3o.<\/li>\n\n\n\n<li>Deposite na urna at\u00e9 <strong>24\/12\/2025<\/strong>.<\/li>\n<\/ul>\n\n\n\n<div style=\"height:100px\" aria-hidden=\"true\" class=\"wp-block-spacer\"><\/div>\n\n\n\n<blockquote class=\"wp-block-quote is-layout-flow wp-block-quote-is-layout-flow\">\n<p class=\"has-text-align-left\"><strong>Leia o <a href=\"https:\/\/casadasembalagenssr.com.br\/wfe\/regulamento-campanha-natal-solidario-da-casita-2025\/\">Regulamento da Campanha<\/a><\/strong><\/p>\n<\/blockquote>\n","protected":false},"excerpt":{"rendered":"<p>A Casa das Embalagens Presentes e Festas, tradicional no setor de presentes e embalagens em Santa Rosa\/RS, anunciou oficialmente o lan\u00e7amento da campanha Natal Solid\u00e1rio da Casita 2025. A a\u00e7\u00e3o une premia\u00e7\u00e3o aos clientes e solidariedade, beneficiando institui\u00e7\u00f5es locais que fazem diferen\u00e7a na comunidade. A campanha ser\u00e1 realizada entre 01 e 24 de dezembro de&#8230;<\/p>\n","protected":false},"author":1,"featured_media":3244,"comment_status":"closed","ping_status":"closed","sticky":false,"template":"","format":"standard","meta":{"_eb_attr":"","footnotes":""},"categories":[158],"tags":[340,339,343,341,342,72,344],"class_list":["post-3234","post","type-post","status-publish","format-standard","has-post-thumbnail","hentry","category-blog","tag-acao-solidaria-de-natal","tag-campanha-de-natal-santa-rosa","tag-casa-das-embalagens-santa-rosa","tag-doacao-para-instituicoes-santa-rosa","tag-natal-solidario-da-casita","tag-santa-rosa","tag-sorteio-de-vales-compras"],"yoast_head":"<!-- This site is optimized with the Yoast SEO plugin v27.2 - https:\/\/yoast.com\/product\/yoast-seo-wordpress\/ -->\n<title>Casa das Embalagens lan\u00e7a campanha \u201cNatal Solid\u00e1rio da Casita\u201d com sorteios e doa\u00e7\u00f5es - Casa das Embalagens - Presentes &amp; Festas<\/title>\n<meta name=\"description\" content=\"A Casa das Embalagens lan\u00e7a o Natal Solid\u00e1rio da Casita com sorteios de vales-compras e doa\u00e7\u00f5es iguais para institui\u00e7\u00f5es locais. Saiba como participar.\" \/>\n<meta name=\"robots\" content=\"index, follow, max-snippet:-1, max-image-preview:large, max-video-preview:-1\" \/>\n<link rel=\"canonical\" href=\"https:\/\/casadasembalagenssr.com.br\/wfe\/casa-das-embalagens-lanca-campanha-natal-solidario-da-casita\/\" \/>\n<meta property=\"og:locale\" content=\"pt_BR\" \/>\n<meta property=\"og:type\" content=\"article\" \/>\n<meta property=\"og:title\" content=\"Casa das Embalagens lan\u00e7a campanha \u201cNatal Solid\u00e1rio da Casita\u201d com sorteios e doa\u00e7\u00f5es - Casa das Embalagens - Presentes &amp; Festas\" \/>\n<meta property=\"og:description\" content=\"A Casa das Embalagens lan\u00e7a o Natal Solid\u00e1rio da Casita com sorteios de vales-compras e doa\u00e7\u00f5es iguais para institui\u00e7\u00f5es locais. Saiba como participar.\" \/>\n<meta property=\"og:url\" content=\"https:\/\/casadasembalagenssr.com.br\/wfe\/casa-das-embalagens-lanca-campanha-natal-solidario-da-casita\/\" \/>\n<meta property=\"og:site_name\" content=\"Casa das Embalagens - Presentes &amp; Festas\" \/>\n<meta property=\"article:publisher\" content=\"https:\/\/www.facebook.com\/casadasembalagenssr\" \/>\n<meta property=\"article:published_time\" content=\"2025-11-27T19:28:23+00:00\" \/>\n<meta property=\"article:modified_time\" content=\"2025-11-27T19:50:36+00:00\" \/>\n<meta property=\"og:image\" content=\"https:\/\/casadasembalagenssr.com.br\/wfe\/wp-content\/uploads\/2025\/11\/banner-natalsolidariocasita.png\" \/>\n\t<meta property=\"og:image:width\" content=\"1200\" \/>\n\t<meta property=\"og:image:height\" content=\"460\" \/>\n\t<meta property=\"og:image:type\" content=\"image\/png\" \/>\n<meta name=\"author\" content=\"DHB\" \/>\n<meta name=\"twitter:card\" content=\"summary_large_image\" \/>\n<meta name=\"twitter:label1\" content=\"Escrito por\" \/>\n\t<meta name=\"twitter:data1\" content=\"DHB\" \/>\n\t<meta name=\"twitter:label2\" content=\"Est. tempo de leitura\" \/>\n\t<meta name=\"twitter:data2\" content=\"3 minutos\" \/>\n<script type=\"application\/ld+json\" class=\"yoast-schema-graph\">{\"@context\":\"https:\/\/schema.org\",\"@graph\":[{\"@type\":\"Article\",\"@id\":\"https:\/\/casadasembalagenssr.com.br\/wfe\/casa-das-embalagens-lanca-campanha-natal-solidario-da-casita\/#article\",\"isPartOf\":{\"@id\":\"https:\/\/casadasembalagenssr.com.br\/wfe\/casa-das-embalagens-lanca-campanha-natal-solidario-da-casita\/\"},\"author\":{\"name\":\"DHB\",\"@id\":\"https:\/\/casadasembalagenssr.com.br\/wfe\/#\/schema\/person\/5af1caeec831e94e487dd156f72bf1a8\"},\"headline\":\"Casa das Embalagens lan\u00e7a campanha \u201cNatal Solid\u00e1rio da Casita\u201d com sorteios e doa\u00e7\u00f5es\",\"datePublished\":\"2025-11-27T19:28:23+00:00\",\"dateModified\":\"2025-11-27T19:50:36+00:00\",\"mainEntityOfPage\":{\"@id\":\"https:\/\/casadasembalagenssr.com.br\/wfe\/casa-das-embalagens-lanca-campanha-natal-solidario-da-casita\/\"},\"wordCount\":352,\"publisher\":{\"@id\":\"https:\/\/casadasembalagenssr.com.br\/wfe\/#organization\"},\"image\":{\"@id\":\"https:\/\/casadasembalagenssr.com.br\/wfe\/casa-das-embalagens-lanca-campanha-natal-solidario-da-casita\/#primaryimage\"},\"thumbnailUrl\":\"https:\/\/casadasembalagenssr.com.br\/wfe\/wp-content\/uploads\/2025\/11\/banner-natalsolidariocasita.png\",\"keywords\":[\"a\u00e7\u00e3o solid\u00e1ria de Natal\",\"campanha de Natal Santa Rosa\",\"Casa das Embalagens Santa Rosa\",\"doa\u00e7\u00e3o para institui\u00e7\u00f5es Santa Rosa\",\"Natal Solid\u00e1rio da Casita\",\"santa rosa\",\"sorteio de vales-compras\"],\"articleSection\":[\"BLOG\"],\"inLanguage\":\"pt-BR\"},{\"@type\":\"WebPage\",\"@id\":\"https:\/\/casadasembalagenssr.com.br\/wfe\/casa-das-embalagens-lanca-campanha-natal-solidario-da-casita\/\",\"url\":\"https:\/\/casadasembalagenssr.com.br\/wfe\/casa-das-embalagens-lanca-campanha-natal-solidario-da-casita\/\",\"name\":\"Casa das Embalagens lan\u00e7a campanha \u201cNatal Solid\u00e1rio da Casita\u201d com sorteios e doa\u00e7\u00f5es - Casa das Embalagens - Presentes &amp; Festas\",\"isPartOf\":{\"@id\":\"https:\/\/casadasembalagenssr.com.br\/wfe\/#website\"},\"primaryImageOfPage\":{\"@id\":\"https:\/\/casadasembalagenssr.com.br\/wfe\/casa-das-embalagens-lanca-campanha-natal-solidario-da-casita\/#primaryimage\"},\"image\":{\"@id\":\"https:\/\/casadasembalagenssr.com.br\/wfe\/casa-das-embalagens-lanca-campanha-natal-solidario-da-casita\/#primaryimage\"},\"thumbnailUrl\":\"https:\/\/casadasembalagenssr.com.br\/wfe\/wp-content\/uploads\/2025\/11\/banner-natalsolidariocasita.png\",\"datePublished\":\"2025-11-27T19:28:23+00:00\",\"dateModified\":\"2025-11-27T19:50:36+00:00\",\"description\":\"A Casa das Embalagens lan\u00e7a o Natal Solid\u00e1rio da Casita com sorteios de vales-compras e doa\u00e7\u00f5es iguais para institui\u00e7\u00f5es locais. Saiba como participar.\",\"breadcrumb\":{\"@id\":\"https:\/\/casadasembalagenssr.com.br\/wfe\/casa-das-embalagens-lanca-campanha-natal-solidario-da-casita\/#breadcrumb\"},\"inLanguage\":\"pt-BR\",\"potentialAction\":[{\"@type\":\"ReadAction\",\"target\":[\"https:\/\/casadasembalagenssr.com.br\/wfe\/casa-das-embalagens-lanca-campanha-natal-solidario-da-casita\/\"]}]},{\"@type\":\"ImageObject\",\"inLanguage\":\"pt-BR\",\"@id\":\"https:\/\/casadasembalagenssr.com.br\/wfe\/casa-das-embalagens-lanca-campanha-natal-solidario-da-casita\/#primaryimage\",\"url\":\"https:\/\/casadasembalagenssr.com.br\/wfe\/wp-content\/uploads\/2025\/11\/banner-natalsolidariocasita.png\",\"contentUrl\":\"https:\/\/casadasembalagenssr.com.br\/wfe\/wp-content\/uploads\/2025\/11\/banner-natalsolidariocasita.png\",\"width\":1200,\"height\":460},{\"@type\":\"BreadcrumbList\",\"@id\":\"https:\/\/casadasembalagenssr.com.br\/wfe\/casa-das-embalagens-lanca-campanha-natal-solidario-da-casita\/#breadcrumb\",\"itemListElement\":[{\"@type\":\"ListItem\",\"position\":1,\"name\":\"In\u00edcio\",\"item\":\"https:\/\/casadasembalagenssr.com.br\/wfe\/\"},{\"@type\":\"ListItem\",\"position\":2,\"name\":\"Casa das Embalagens lan\u00e7a campanha \u201cNatal Solid\u00e1rio da Casita\u201d com sorteios e doa\u00e7\u00f5es\"}]},{\"@type\":\"WebSite\",\"@id\":\"https:\/\/casadasembalagenssr.com.br\/wfe\/#website\",\"url\":\"https:\/\/casadasembalagenssr.com.br\/wfe\/\",\"name\":\"Casa das Embalagens - Presentes e Festas\",\"description\":\"Satisfa\u00e7\u00e3o em Encantar Clientes!\",\"publisher\":{\"@id\":\"https:\/\/casadasembalagenssr.com.br\/wfe\/#organization\"},\"alternateName\":\"Casa das Embalagens\",\"potentialAction\":[{\"@type\":\"SearchAction\",\"target\":{\"@type\":\"EntryPoint\",\"urlTemplate\":\"https:\/\/casadasembalagenssr.com.br\/wfe\/?s={search_term_string}\"},\"query-input\":{\"@type\":\"PropertyValueSpecification\",\"valueRequired\":true,\"valueName\":\"search_term_string\"}}],\"inLanguage\":\"pt-BR\"},{\"@type\":\"Organization\",\"@id\":\"https:\/\/casadasembalagenssr.com.br\/wfe\/#organization\",\"name\":\"Casa das Embalagens - Presentes e Festas\",\"alternateName\":\"Casa das Embalagens\",\"url\":\"https:\/\/casadasembalagenssr.com.br\/wfe\/\",\"logo\":{\"@type\":\"ImageObject\",\"inLanguage\":\"pt-BR\",\"@id\":\"https:\/\/casadasembalagenssr.com.br\/wfe\/#\/schema\/logo\/image\/\",\"url\":\"https:\/\/casadasembalagenssr.com.br\/wfe\/wp-content\/uploads\/2025\/10\/logo-casa-embalagens-santa-rosa.png\",\"contentUrl\":\"https:\/\/casadasembalagenssr.com.br\/wfe\/wp-content\/uploads\/2025\/10\/logo-casa-embalagens-santa-rosa.png\",\"width\":1080,\"height\":1080,\"caption\":\"Casa das Embalagens - Presentes e Festas\"},\"image\":{\"@id\":\"https:\/\/casadasembalagenssr.com.br\/wfe\/#\/schema\/logo\/image\/\"},\"sameAs\":[\"https:\/\/www.facebook.com\/casadasembalagenssr\",\"https:\/\/www.instagram.com\/casadasembalagenssr\/\",\"https:\/\/tiktok.com\/casadasrmbalagenssr1\",\"https:\/\/www.youtube.com\/@casadasembalagenssr\"]},{\"@type\":\"Person\",\"@id\":\"https:\/\/casadasembalagenssr.com.br\/wfe\/#\/schema\/person\/5af1caeec831e94e487dd156f72bf1a8\",\"name\":\"DHB\",\"sameAs\":[\"https:\/\/casadasembalagenssr.com.br\/wfe\"],\"url\":\"https:\/\/casadasembalagenssr.com.br\/wfe\/author\/digitalhelp\/\"}]}<\/script>\n<!-- \/ Yoast SEO plugin. -->","yoast_head_json":{"title":"Casa das Embalagens lan\u00e7a campanha \u201cNatal Solid\u00e1rio da Casita\u201d com sorteios e doa\u00e7\u00f5es - Casa das Embalagens - Presentes &amp; Festas","description":"A Casa das Embalagens lan\u00e7a o Natal Solid\u00e1rio da Casita com sorteios de vales-compras e doa\u00e7\u00f5es iguais para institui\u00e7\u00f5es locais. Saiba como participar.","robots":{"index":"index","follow":"follow","max-snippet":"max-snippet:-1","max-image-preview":"max-image-preview:large","max-video-preview":"max-video-preview:-1"},"canonical":"https:\/\/casadasembalagenssr.com.br\/wfe\/casa-das-embalagens-lanca-campanha-natal-solidario-da-casita\/","og_locale":"pt_BR","og_type":"article","og_title":"Casa das Embalagens lan\u00e7a campanha \u201cNatal Solid\u00e1rio da Casita\u201d com sorteios e doa\u00e7\u00f5es - Casa das Embalagens - Presentes &amp; Festas","og_description":"A Casa das Embalagens lan\u00e7a o Natal Solid\u00e1rio da Casita com sorteios de vales-compras e doa\u00e7\u00f5es iguais para institui\u00e7\u00f5es locais. Saiba como participar.","og_url":"https:\/\/casadasembalagenssr.com.br\/wfe\/casa-das-embalagens-lanca-campanha-natal-solidario-da-casita\/","og_site_name":"Casa das Embalagens - Presentes &amp; Festas","article_publisher":"https:\/\/www.facebook.com\/casadasembalagenssr","article_published_time":"2025-11-27T19:28:23+00:00","article_modified_time":"2025-11-27T19:50:36+00:00","og_image":[{"width":1200,"height":460,"url":"https:\/\/casadasembalagenssr.com.br\/wfe\/wp-content\/uploads\/2025\/11\/banner-natalsolidariocasita.png","type":"image\/png"}],"author":"DHB","twitter_card":"summary_large_image","twitter_misc":{"Escrito por":"DHB","Est. tempo de leitura":"3 minutos"},"schema":{"@context":"https:\/\/schema.org","@graph":[{"@type":"Article","@id":"https:\/\/casadasembalagenssr.com.br\/wfe\/casa-das-embalagens-lanca-campanha-natal-solidario-da-casita\/#article","isPartOf":{"@id":"https:\/\/casadasembalagenssr.com.br\/wfe\/casa-das-embalagens-lanca-campanha-natal-solidario-da-casita\/"},"author":{"name":"DHB","@id":"https:\/\/casadasembalagenssr.com.br\/wfe\/#\/schema\/person\/5af1caeec831e94e487dd156f72bf1a8"},"headline":"Casa das Embalagens lan\u00e7a campanha \u201cNatal Solid\u00e1rio da Casita\u201d com sorteios e doa\u00e7\u00f5es","datePublished":"2025-11-27T19:28:23+00:00","dateModified":"2025-11-27T19:50:36+00:00","mainEntityOfPage":{"@id":"https:\/\/casadasembalagenssr.com.br\/wfe\/casa-das-embalagens-lanca-campanha-natal-solidario-da-casita\/"},"wordCount":352,"publisher":{"@id":"https:\/\/casadasembalagenssr.com.br\/wfe\/#organization"},"image":{"@id":"https:\/\/casadasembalagenssr.com.br\/wfe\/casa-das-embalagens-lanca-campanha-natal-solidario-da-casita\/#primaryimage"},"thumbnailUrl":"https:\/\/casadasembalagenssr.com.br\/wfe\/wp-content\/uploads\/2025\/11\/banner-natalsolidariocasita.png","keywords":["a\u00e7\u00e3o solid\u00e1ria de Natal","campanha de Natal Santa Rosa","Casa das Embalagens Santa Rosa","doa\u00e7\u00e3o para institui\u00e7\u00f5es Santa Rosa","Natal Solid\u00e1rio da Casita","santa rosa","sorteio de vales-compras"],"articleSection":["BLOG"],"inLanguage":"pt-BR"},{"@type":"WebPage","@id":"https:\/\/casadasembalagenssr.com.br\/wfe\/casa-das-embalagens-lanca-campanha-natal-solidario-da-casita\/","url":"https:\/\/casadasembalagenssr.com.br\/wfe\/casa-das-embalagens-lanca-campanha-natal-solidario-da-casita\/","name":"Casa das Embalagens lan\u00e7a campanha \u201cNatal Solid\u00e1rio da Casita\u201d com sorteios e doa\u00e7\u00f5es - Casa das Embalagens - Presentes &amp; Festas","isPartOf":{"@id":"https:\/\/casadasembalagenssr.com.br\/wfe\/#website"},"primaryImageOfPage":{"@id":"https:\/\/casadasembalagenssr.com.br\/wfe\/casa-das-embalagens-lanca-campanha-natal-solidario-da-casita\/#primaryimage"},"image":{"@id":"https:\/\/casadasembalagenssr.com.br\/wfe\/casa-das-embalagens-lanca-campanha-natal-solidario-da-casita\/#primaryimage"},"thumbnailUrl":"https:\/\/casadasembalagenssr.com.br\/wfe\/wp-content\/uploads\/2025\/11\/banner-natalsolidariocasita.png","datePublished":"2025-11-27T19:28:23+00:00","dateModified":"2025-11-27T19:50:36+00:00","description":"A Casa das Embalagens lan\u00e7a o Natal Solid\u00e1rio da Casita com sorteios de vales-compras e doa\u00e7\u00f5es iguais para institui\u00e7\u00f5es locais. Saiba como participar.","breadcrumb":{"@id":"https:\/\/casadasembalagenssr.com.br\/wfe\/casa-das-embalagens-lanca-campanha-natal-solidario-da-casita\/#breadcrumb"},"inLanguage":"pt-BR","potentialAction":[{"@type":"ReadAction","target":["https:\/\/casadasembalagenssr.com.br\/wfe\/casa-das-embalagens-lanca-campanha-natal-solidario-da-casita\/"]}]},{"@type":"ImageObject","inLanguage":"pt-BR","@id":"https:\/\/casadasembalagenssr.com.br\/wfe\/casa-das-embalagens-lanca-campanha-natal-solidario-da-casita\/#primaryimage","url":"https:\/\/casadasembalagenssr.com.br\/wfe\/wp-content\/uploads\/2025\/11\/banner-natalsolidariocasita.png","contentUrl":"https:\/\/casadasembalagenssr.com.br\/wfe\/wp-content\/uploads\/2025\/11\/banner-natalsolidariocasita.png","width":1200,"height":460},{"@type":"BreadcrumbList","@id":"https:\/\/casadasembalagenssr.com.br\/wfe\/casa-das-embalagens-lanca-campanha-natal-solidario-da-casita\/#breadcrumb","itemListElement":[{"@type":"ListItem","position":1,"name":"In\u00edcio","item":"https:\/\/casadasembalagenssr.com.br\/wfe\/"},{"@type":"ListItem","position":2,"name":"Casa das Embalagens lan\u00e7a campanha \u201cNatal Solid\u00e1rio da Casita\u201d com sorteios e doa\u00e7\u00f5es"}]},{"@type":"WebSite","@id":"https:\/\/casadasembalagenssr.com.br\/wfe\/#website","url":"https:\/\/casadasembalagenssr.com.br\/wfe\/","name":"Casa das Embalagens - Presentes e Festas","description":"Satisfa\u00e7\u00e3o em Encantar Clientes!","publisher":{"@id":"https:\/\/casadasembalagenssr.com.br\/wfe\/#organization"},"alternateName":"Casa das Embalagens","potentialAction":[{"@type":"SearchAction","target":{"@type":"EntryPoint","urlTemplate":"https:\/\/casadasembalagenssr.com.br\/wfe\/?s={search_term_string}"},"query-input":{"@type":"PropertyValueSpecification","valueRequired":true,"valueName":"search_term_string"}}],"inLanguage":"pt-BR"},{"@type":"Organization","@id":"https:\/\/casadasembalagenssr.com.br\/wfe\/#organization","name":"Casa das Embalagens - Presentes e Festas","alternateName":"Casa das Embalagens","url":"https:\/\/casadasembalagenssr.com.br\/wfe\/","logo":{"@type":"ImageObject","inLanguage":"pt-BR","@id":"https:\/\/casadasembalagenssr.com.br\/wfe\/#\/schema\/logo\/image\/","url":"https:\/\/casadasembalagenssr.com.br\/wfe\/wp-content\/uploads\/2025\/10\/logo-casa-embalagens-santa-rosa.png","contentUrl":"https:\/\/casadasembalagenssr.com.br\/wfe\/wp-content\/uploads\/2025\/10\/logo-casa-embalagens-santa-rosa.png","width":1080,"height":1080,"caption":"Casa das Embalagens - Presentes e Festas"},"image":{"@id":"https:\/\/casadasembalagenssr.com.br\/wfe\/#\/schema\/logo\/image\/"},"sameAs":["https:\/\/www.facebook.com\/casadasembalagenssr","https:\/\/www.instagram.com\/casadasembalagenssr\/","https:\/\/tiktok.com\/casadasrmbalagenssr1","https:\/\/www.youtube.com\/@casadasembalagenssr"]},{"@type":"Person","@id":"https:\/\/casadasembalagenssr.com.br\/wfe\/#\/schema\/person\/5af1caeec831e94e487dd156f72bf1a8","name":"DHB","sameAs":["https:\/\/casadasembalagenssr.com.br\/wfe"],"url":"https:\/\/casadasembalagenssr.com.br\/wfe\/author\/digitalhelp\/"}]}},"_links":{"self":[{"href":"https:\/\/casadasembalagenssr.com.br\/wfe\/wp-json\/wp\/v2\/posts\/3234","targetHints":{"allow":["GET"]}}],"collection":[{"href":"https:\/\/casadasembalagenssr.com.br\/wfe\/wp-json\/wp\/v2\/posts"}],"about":[{"href":"https:\/\/casadasembalagenssr.com.br\/wfe\/wp-json\/wp\/v2\/types\/post"}],"author":[{"embeddable":true,"href":"https:\/\/casadasembalagenssr.com.br\/wfe\/wp-json\/wp\/v2\/users\/1"}],"replies":[{"embeddable":true,"href":"https:\/\/casadasembalagenssr.com.br\/wfe\/wp-json\/wp\/v2\/comments?post=3234"}],"version-history":[{"count":4,"href":"https:\/\/casadasembalagenssr.com.br\/wfe\/wp-json\/wp\/v2\/posts\/3234\/revisions"}],"predecessor-version":[{"id":3243,"href":"https:\/\/casadasembalagenssr.com.br\/wfe\/wp-json\/wp\/v2\/posts\/3234\/revisions\/3243"}],"wp:featuredmedia":[{"embeddable":true,"href":"https:\/\/casadasembalagenssr.com.br\/wfe\/wp-json\/wp\/v2\/media\/3244"}],"wp:attachment":[{"href":"https:\/\/casadasembalagenssr.com.br\/wfe\/wp-json\/wp\/v2\/media?parent=3234"}],"wp:term":[{"taxonomy":"category","embeddable":true,"href":"https:\/\/casadasembalagenssr.com.br\/wfe\/wp-json\/wp\/v2\/categories?post=3234"},{"taxonomy":"post_tag","embeddable":true,"href":"https:\/\/casadasembalagenssr.com.br\/wfe\/wp-json\/wp\/v2\/tags?post=3234"}],"curies":[{"name":"wp","href":"https:\/\/api.w.org\/{rel}","templated":true}]}}